{"id":27851,"date":"2026-04-29T15:17:41","date_gmt":"2026-04-29T15:17:41","guid":{"rendered":"https:\/\/www.abchukuk.com\/index.php\/2026\/04\/29\/hukuki-guvence-vurgusu-guven-kaybinin-itirafi-niteliginde\/"},"modified":"2026-04-29T15:17:41","modified_gmt":"2026-04-29T15:17:41","slug":"hukuki-guvence-vurgusu-guven-kaybinin-itirafi-niteliginde","status":"publish","type":"post","link":"https:\/\/www.abchukuk.com\/index.php\/2026\/04\/29\/hukuki-guvence-vurgusu-guven-kaybinin-itirafi-niteliginde\/","title":{"rendered":"\u2018Hukuki g\u00fcvence vurgusu, g\u00fcven kayb\u0131n\u0131n itiraf\u0131 niteli\u011finde\u2019"},"content":{"rendered":"<p>Gazeteci Z\u00fclfikar Do\u011fan, Ticaret ve Yat\u0131r\u0131mda Hukuki G\u00fcvence Zirvesi\u2019ne at\u0131fta bulunarak yat\u0131r\u0131m paketlerinde \u00f6ne \u00e7\u0131kan hukuki g\u00fcvence vurgusunun yarg\u0131ya duyulan g\u00fcven kayb\u0131n\u0131n bir g\u00f6stergesi oldu\u011funu belirtti. Do\u011fan ayr\u0131ca, kredi bor\u00e7lar\u0131ndaki art\u0131\u015f\u0131n bireyler ve \u015firketler \u00fczerindeki finansal bask\u0131y\u0131 art\u0131rd\u0131\u011f\u0131n\u0131 s\u00f6yledi.Gazeteci Z\u00fclfikar Do\u011fan, Ticaret ve Yat\u0131r\u0131mda Hukuki G\u00fcvence Zirvesi\u2019ne at\u0131fta bulunarak yat\u0131r\u0131m paketlerinde \u00f6ne \u00e7\u0131kan hukuki g\u00fcvence vurgusunun yarg\u0131ya duyulan g\u00fcven kayb\u0131n\u0131n bir g\u00f6stergesi oldu\u011funu belirtti. Do\u011fan ayr\u0131ca, kredi bor\u00e7lar\u0131ndaki art\u0131\u015f\u0131n bireyler ve \u015firketler \u00fczerindeki finansal bask\u0131y\u0131 art\u0131rd\u0131\u011f\u0131n\u0131 s\u00f6yledi.\u00a0<a href=\"https:\/\/anlatilaninotesi.com.tr\/20260429\/hukuki-guvence-vurgusu-guven-kaybinin-itirafi-niteliginde-1105375964.html\" target=\"_blank\" class=\"feedzy-rss-link-icon\">Read More<\/a><\/p>","protected":false},"excerpt":{"rendered":"<p>Gazeteci Z\u00fclfikar Do\u011fan, Ticaret ve Yat\u0131r\u0131mda Hukuki G\u00fcvence Zirvesi\u2019ne at\u0131fta bulunarak yat\u0131r\u0131m paketlerinde \u00f6ne \u00e7\u0131kan hukuki g\u00fcvence vurgusunun yarg\u0131ya duyulan g\u00fcven kayb\u0131n\u0131n bir g\u00f6stergesi oldu\u011funu belirtti. Do\u011fan ayr\u0131ca, kredi bor\u00e7lar\u0131ndaki art\u0131\u015f\u0131n bireyler ve \u015firketler \u00fczerindeki finansal bask\u0131y\u0131 art\u0131rd\u0131\u011f\u0131n\u0131 s\u00f6yledi.Gazeteci Z\u00fclfikar Do\u011fan, Ticaret ve Yat\u0131r\u0131mda Hukuki G\u00fcvence Zirvesi\u2019ne at\u0131fta bulunarak yat\u0131r\u0131m paketlerinde \u00f6ne \u00e7\u0131kan hukuki g\u00fcvence [&hellip;]<\/p>\n","protected":false},"author":1,"featured_media":0,"comment_status":"open","ping_status":"open","sticky":false,"template":"","format":"standard","meta":{"footnotes":"","_links_to":"","_links_to_target":""},"categories":[1],"tags":[],"class_list":["post-27851","post","type-post","status-publish","format-standard","hentry","category-haberler"],"_links":{"self":[{"href":"https:\/\/www.abchukuk.com\/index.php\/wp-json\/wp\/v2\/posts\/27851","targetHints":{"allow":["GET"]}}],"collection":[{"href":"https:\/\/www.abchukuk.com\/index.php\/wp-json\/wp\/v2\/posts"}],"about":[{"href":"https:\/\/www.abchukuk.com\/index.php\/wp-json\/wp\/v2\/types\/post"}],"author":[{"embeddable":true,"href":"https:\/\/www.abchukuk.com\/index.php\/wp-json\/wp\/v2\/users\/1"}],"replies":[{"embeddable":true,"href":"https:\/\/www.abchukuk.com\/index.php\/wp-json\/wp\/v2\/comments?post=27851"}],"version-history":[{"count":0,"href":"https:\/\/www.abchukuk.com\/index.php\/wp-json\/wp\/v2\/posts\/27851\/revisions"}],"wp:attachment":[{"href":"https:\/\/www.abchukuk.com\/index.php\/wp-json\/wp\/v2\/media?parent=27851"}],"wp:term":[{"taxonomy":"category","embeddable":true,"href":"https:\/\/www.abchukuk.com\/index.php\/wp-json\/wp\/v2\/categories?post=27851"},{"taxonomy":"post_tag","embeddable":true,"href":"https:\/\/www.abchukuk.com\/index.php\/wp-json\/wp\/v2\/tags?post=27851"}],"curies":[{"name":"wp","href":"https:\/\/api.w.org\/{rel}","templated":true}]}}