{"id":27845,"date":"2026-04-29T15:53:00","date_gmt":"2026-04-29T15:53:00","guid":{"rendered":"https:\/\/www.abchukuk.com\/index.php\/2026\/04\/29\/ibb-davasinda-dusme-tartismasi-chp-uyesi-meltem-gokhanoglu-durusmada-gozaltina-alindi\/"},"modified":"2026-04-29T15:53:00","modified_gmt":"2026-04-29T15:53:00","slug":"ibb-davasinda-dusme-tartismasi-chp-uyesi-meltem-gokhanoglu-durusmada-gozaltina-alindi","status":"publish","type":"post","link":"https:\/\/www.abchukuk.com\/index.php\/2026\/04\/29\/ibb-davasinda-dusme-tartismasi-chp-uyesi-meltem-gokhanoglu-durusmada-gozaltina-alindi\/","title":{"rendered":"\u0130BB davas\u0131nda &#8216;d\u00fc\u015fme&#8217; tart\u0131\u015fmas\u0131: CHP \u00fcyesi Meltem G\u00f6khano\u011flu duru\u015fmada g\u00f6zalt\u0131na al\u0131nd\u0131"},"content":{"rendered":"<p>\u0130stanbul\u2019da g\u00f6r\u00fclen \u0130BB davas\u0131nda, sosyal medya payla\u015f\u0131m\u0131 \u00fczerinden ba\u015flayan tart\u0131\u015fma g\u00f6zalt\u0131 karar\u0131yla sonu\u00e7land\u0131. CHP \u00fcyesi Meltem G\u00f6khano\u011flu, duru\u015fma salonunda g\u00f6zalt\u0131na al\u0131nd\u0131.\u0130stanbul\u2019da g\u00f6r\u00fclen \u0130BB davas\u0131nda, sosyal medya payla\u015f\u0131m\u0131 \u00fczerinden ba\u015flayan tart\u0131\u015fma g\u00f6zalt\u0131 karar\u0131yla sonu\u00e7land\u0131. CHP \u00fcyesi Meltem G\u00f6khano\u011flu, duru\u015fma salonunda g\u00f6zalt\u0131na al\u0131nd\u0131.\u00a0<a href=\"https:\/\/www.cumhuriyet.com.tr\/turkiye\/ibb-davasinda-dusme-tartismasi-chp-uyesi-meltem-gokhanoglu-durusmada-gozaltina-alindi-2499609\" target=\"_blank\" class=\"feedzy-rss-link-icon\">Read More<\/a><\/p>","protected":false},"excerpt":{"rendered":"<p>\u0130stanbul\u2019da g\u00f6r\u00fclen \u0130BB davas\u0131nda, sosyal medya payla\u015f\u0131m\u0131 \u00fczerinden ba\u015flayan tart\u0131\u015fma g\u00f6zalt\u0131 karar\u0131yla sonu\u00e7land\u0131. CHP \u00fcyesi Meltem G\u00f6khano\u011flu, duru\u015fma salonunda g\u00f6zalt\u0131na al\u0131nd\u0131.\u0130stanbul\u2019da g\u00f6r\u00fclen \u0130BB davas\u0131nda, sosyal medya payla\u015f\u0131m\u0131 \u00fczerinden ba\u015flayan tart\u0131\u015fma g\u00f6zalt\u0131 karar\u0131yla sonu\u00e7land\u0131. CHP \u00fcyesi Meltem G\u00f6khano\u011flu, duru\u015fma salonunda g\u00f6zalt\u0131na al\u0131nd\u0131.\u00a0Read More<\/p>\n","protected":false},"author":1,"featured_media":27846,"comment_status":"open","ping_status":"open","sticky":false,"template":"","format":"standard","meta":{"footnotes":"","_links_to":"","_links_to_target":""},"categories":[1],"tags":[],"class_list":["post-27845","post","type-post","status-publish","format-standard","has-post-thumbnail","hentry","category-haberler"],"_links":{"self":[{"href":"https:\/\/www.abchukuk.com\/index.php\/wp-json\/wp\/v2\/posts\/27845","targetHints":{"allow":["GET"]}}],"collection":[{"href":"https:\/\/www.abchukuk.com\/index.php\/wp-json\/wp\/v2\/posts"}],"about":[{"href":"https:\/\/www.abchukuk.com\/index.php\/wp-json\/wp\/v2\/types\/post"}],"author":[{"embeddable":true,"href":"https:\/\/www.abchukuk.com\/index.php\/wp-json\/wp\/v2\/users\/1"}],"replies":[{"embeddable":true,"href":"https:\/\/www.abchukuk.com\/index.php\/wp-json\/wp\/v2\/comments?post=27845"}],"version-history":[{"count":0,"href":"https:\/\/www.abchukuk.com\/index.php\/wp-json\/wp\/v2\/posts\/27845\/revisions"}],"wp:featuredmedia":[{"embeddable":true,"href":"https:\/\/www.abchukuk.com\/index.php\/wp-json\/wp\/v2\/media\/27846"}],"wp:attachment":[{"href":"https:\/\/www.abchukuk.com\/index.php\/wp-json\/wp\/v2\/media?parent=27845"}],"wp:term":[{"taxonomy":"category","embeddable":true,"href":"https:\/\/www.abchukuk.com\/index.php\/wp-json\/wp\/v2\/categories?post=27845"},{"taxonomy":"post_tag","embeddable":true,"href":"https:\/\/www.abchukuk.com\/index.php\/wp-json\/wp\/v2\/tags?post=27845"}],"curies":[{"name":"wp","href":"https:\/\/api.w.org\/{rel}","templated":true}]}}