{"id":27840,"date":"2026-04-29T13:14:00","date_gmt":"2026-04-29T13:14:00","guid":{"rendered":"https:\/\/www.abchukuk.com\/index.php\/2026\/04\/29\/6-subat-depremlerinde-ailesini-kaybeden-sait-bilginden-bakan-gurleke-adalet-cagrisi-kahramanlara-borcumuz-var\/"},"modified":"2026-04-29T13:14:00","modified_gmt":"2026-04-29T13:14:00","slug":"6-subat-depremlerinde-ailesini-kaybeden-sait-bilginden-bakan-gurleke-adalet-cagrisi-kahramanlara-borcumuz-var","status":"publish","type":"post","link":"https:\/\/www.abchukuk.com\/index.php\/2026\/04\/29\/6-subat-depremlerinde-ailesini-kaybeden-sait-bilginden-bakan-gurleke-adalet-cagrisi-kahramanlara-borcumuz-var\/","title":{"rendered":"6 \u015eubat Depremlerinde Ailesini Kaybeden Sait Bilgin&#8217;den Bakan G\u00fcrlek&#8217;e Adalet \u00c7a\u011fr\u0131s\u0131: Kahramanlara Borcumuz Var"},"content":{"rendered":"<p><a href=\"https:\/\/www.gercekgundem.com\/guncel\/6-subat-depremlerinde-ailesini-kaybeden-sait-bilginden-bakan-gurleke-adalet-cagrisi-570601\"><br \/>\n                                                            <img decoding=\"async\" src=\"https:\/\/i.gercekgundem.com\/2\/150\/84\/storage\/files\/images\/2026\/04\/29\/6-subat-depremlerinde-ailesini-kaybeden-sait-bilginden-bakan-gurleke-adalet-cagrisi-bbnl.jpg\" width=\"150\" height=\"84\" border=\"0\" align=\"right\" \/><br \/>\n                                                    <\/a><\/p>\n<h4>6 \u015eubat depremlerinde e\u015fini, \u00e7ocuklar\u0131n\u0131 ve ayn\u0131 aileden 9 ki\u015fiyi kaybeden BilginPro&#8217;nun sahibi yaz\u0131l\u0131mc\u0131 Mehmet Sait Bilgin, toplamda 115 ki\u015fiye mezar olan Penta Park Sitesi davas\u0131nda mahkemeden \u00e7\u0131kan tahliye karar\u0131na tepki g\u00f6sterdi. Sosyal medyadan Adalet Bakan\u0131 Ak\u0131n G\u00fcrlek\u2019e seslenen Bilgin, \u201dBu g\u00fczel insanlara, bu vatan i\u00e7in kar\u015f\u0131l\u0131ks\u0131z iyilikler yapm\u0131\u015f isimsiz kahramanlara kar\u015f\u0131 bir adalet borcumuz var Say\u0131n Bakan\u0131m\u201d ifadelerini kulland\u0131.<\/h4>\n<p>6 \u015eubat depremlerinde e\u015fini, \u00e7ocuklar\u0131n\u0131 ve ayn\u0131 aileden 9 ki\u015fiyi kaybeden BilginPro&#8217;nun sahibi yaz\u0131l\u0131mc\u0131 Mehmet Sait Bilgin, toplamda 115 ki\u015fiye mezar olan Penta Park Sitesi davas\u0131nda mahkemeden \u00e7\u0131kan tahliye karar\u0131na tepki g\u00f6sterdi. Sosyal medyadan Adalet Bakan\u0131 Ak\u0131n G\u00fcrlek\u2019e seslenen Bilgin, \u201dBu g\u00fczel insanlara, bu vatan i\u00e7in kar\u015f\u0131l\u0131ks\u0131z iyilikler yapm\u0131\u015f isimsiz kahramanlara kar\u015f\u0131 bir adalet borcumuz var Say\u0131n Bakan\u0131m\u201d ifadelerini kulland\u0131.\u00a0<a href=\"https:\/\/www.gercekgundem.com\/guncel\/6-subat-depremlerinde-ailesini-kaybeden-sait-bilginden-bakan-gurleke-adalet-cagrisi-570601\" target=\"_blank\" class=\"feedzy-rss-link-icon\">Read More<\/a><\/p>","protected":false},"excerpt":{"rendered":"<p>6 \u015eubat depremlerinde e\u015fini, \u00e7ocuklar\u0131n\u0131 ve ayn\u0131 aileden 9 ki\u015fiyi kaybeden BilginPro&#8217;nun sahibi yaz\u0131l\u0131mc\u0131 Mehmet Sait Bilgin, toplamda 115 ki\u015fiye mezar olan Penta Park Sitesi davas\u0131nda mahkemeden \u00e7\u0131kan tahliye karar\u0131na tepki g\u00f6sterdi. Sosyal medyadan Adalet Bakan\u0131 Ak\u0131n G\u00fcrlek\u2019e seslenen Bilgin, \u201dBu g\u00fczel insanlara, bu vatan i\u00e7in kar\u015f\u0131l\u0131ks\u0131z iyilikler yapm\u0131\u015f isimsiz kahramanlara kar\u015f\u0131 bir adalet borcumuz [&hellip;]<\/p>\n","protected":false},"author":1,"featured_media":27841,"comment_status":"open","ping_status":"open","sticky":false,"template":"","format":"standard","meta":{"footnotes":"","_links_to":"","_links_to_target":""},"categories":[1],"tags":[],"class_list":["post-27840","post","type-post","status-publish","format-standard","has-post-thumbnail","hentry","category-haberler"],"_links":{"self":[{"href":"https:\/\/www.abchukuk.com\/index.php\/wp-json\/wp\/v2\/posts\/27840","targetHints":{"allow":["GET"]}}],"collection":[{"href":"https:\/\/www.abchukuk.com\/index.php\/wp-json\/wp\/v2\/posts"}],"about":[{"href":"https:\/\/www.abchukuk.com\/index.php\/wp-json\/wp\/v2\/types\/post"}],"author":[{"embeddable":true,"href":"https:\/\/www.abchukuk.com\/index.php\/wp-json\/wp\/v2\/users\/1"}],"replies":[{"embeddable":true,"href":"https:\/\/www.abchukuk.com\/index.php\/wp-json\/wp\/v2\/comments?post=27840"}],"version-history":[{"count":0,"href":"https:\/\/www.abchukuk.com\/index.php\/wp-json\/wp\/v2\/posts\/27840\/revisions"}],"wp:featuredmedia":[{"embeddable":true,"href":"https:\/\/www.abchukuk.com\/index.php\/wp-json\/wp\/v2\/media\/27841"}],"wp:attachment":[{"href":"https:\/\/www.abchukuk.com\/index.php\/wp-json\/wp\/v2\/media?parent=27840"}],"wp:term":[{"taxonomy":"category","embeddable":true,"href":"https:\/\/www.abchukuk.com\/index.php\/wp-json\/wp\/v2\/categories?post=27840"},{"taxonomy":"post_tag","embeddable":true,"href":"https:\/\/www.abchukuk.com\/index.php\/wp-json\/wp\/v2\/tags?post=27840"}],"curies":[{"name":"wp","href":"https:\/\/api.w.org\/{rel}","templated":true}]}}