{"id":27838,"date":"2026-04-29T13:36:00","date_gmt":"2026-04-29T13:36:00","guid":{"rendered":"https:\/\/www.abchukuk.com\/index.php\/2026\/04\/29\/terorun-hedefiydi-adaletin-simgesi-oldusolhan-gazisi-savci-turan-bassavcivekili\/"},"modified":"2026-04-29T13:36:00","modified_gmt":"2026-04-29T13:36:00","slug":"terorun-hedefiydi-adaletin-simgesi-oldusolhan-gazisi-savci-turan-bassavcivekili","status":"publish","type":"post","link":"https:\/\/www.abchukuk.com\/index.php\/2026\/04\/29\/terorun-hedefiydi-adaletin-simgesi-oldusolhan-gazisi-savci-turan-bassavcivekili\/","title":{"rendered":"TER\u00d6R\u00dcN HEDEF\u0130YD\u0130 ADALET\u0130N S\u0130MGES\u0130 OLDU:SOLHAN GAZ\u0130S\u0130 SAVCI TURAN BA\u015eSAVCIVEK\u0130L\u0130!"},"content":{"rendered":"<p>SON.TV\/ANTALYA<\/p>\n<p>\u00a0<\/p>\n<p>B\u0130R TERF\u0130DEN FAZLASI: B\u0130R HAYAT H\u0130K\u00c2YES\u0130<\/p>\n<p>H\u00e2kimler ve Savc\u0131lar Kurulu Birinci Dairesi\u2019nin 29 Nisan 2026 tarihli ve 966 say\u0131l\u0131 Adli Yarg\u0131 Kararnamesi ile Antalya Cumhuriyet Savc\u0131s\u0131 olarak g\u00f6rev yapan Beh\u00e7et Tufan Turan, Cumhuriyet Ba\u015fsavc\u0131 Vekilli\u011fine atand\u0131.<\/p>\n<p>Ama bu, s\u0131radan bir atama de\u011fil\u2026<br \/>\nBu, yar\u0131m kalan bir hayat\u0131n de\u011fil; yeniden aya\u011fa kalkm\u0131\u015f bir iradenin hik\u00e2yesi\u2026<\/p>\n<p>\u00c7\u00fcnk\u00fc bu isim, y\u0131llar \u00f6nce ter\u00f6r\u00fcn hedef ald\u0131\u011f\u0131, \u00f6l\u00fcmle y\u00fczle\u015fmi\u015f ama mesle\u011fini b\u0131rakmam\u0131\u015f bir Cumhuriyet savc\u0131s\u0131\u2026<\/p>\n<p><img loading=\"lazy\" decoding=\"async\" loading=\"lazy\" class=\"alignnone size-medium wp-image-171611 aligncenter\" src=\"https:\/\/www.son.tv\/wp-content\/uploads\/2026\/04\/a961081f-2c90-431b-b7c2-531517f2357f-300x218.jpeg\" alt=\"\" width=\"300\" height=\"218\" \/><\/p>\n<p>1991: T\u00dcRK\u0130YE\u2019Y\u0130 SARSAN KANLI BASKIN<\/p>\n<p>28 Nisan 1991\u2026<br \/>\nBing\u00f6l\u2019\u00fcn Solhan il\u00e7esi\u2026<\/p>\n<p>D\u00f6nemin gazeteleri o g\u00fcn\u00fc \u201ckanl\u0131 bask\u0131n\u201d man\u015fetleriyle verdi. Sessiz bir Anadolu il\u00e7esi, bir anda kur\u015fun sesleriyle sars\u0131ld\u0131.<\/p>\n<p>Kaymakam Ersin Ate\u015f, Cumhuriyet Savc\u0131s\u0131 Mehmet T\u00fcrkseven, Orman \u0130\u015fletme \u015eefi Ahmet Yanen ve memur Fevzi Kaplan o g\u00fcn \u015fehit d\u00fc\u015ft\u00fc.<\/p>\n<p>Sadece insanlar de\u011fil, devletin o il\u00e7edeki temsil g\u00fcc\u00fc hedef al\u0131nm\u0131\u015ft\u0131.<br \/>\nYollar, lojmanlar, resmi binalar\u2026 Hepsi sald\u0131r\u0131n\u0131n hedefindeydi.<\/p>\n<p>O g\u00fcn Solhan\u2019da sadece canlar de\u011fil, bir \u00fclkenin y\u00fcre\u011fi de yaraland\u0131.<\/p>\n<p>\u00a0<\/p>\n<p><img loading=\"lazy\" decoding=\"async\" loading=\"lazy\" class=\"alignnone size-full wp-image-171612\" src=\"https:\/\/www.son.tv\/wp-content\/uploads\/2026\/04\/06d3701d-e3d4-4cd9-be93-b08cf5fb0d23.jpeg\" alt=\"\" width=\"210\" height=\"240\" \/><\/p>\n<p>O G\u00dcN ORADA B\u0130R \u0130S\u0130M DAHA VARDI\u2026<\/p>\n<p>Ve o g\u00fcn\u2026<br \/>\nOrada bir isim daha vard\u0131\u2026<\/p>\n<p>Gen\u00e7 bir Cumhuriyet savc\u0131s\u0131\u2026<br \/>\nBeh\u00e7et Tufan Turan<\/p>\n<p>Kur\u015funlar\u0131n ortas\u0131nda kald\u0131.<br \/>\nA\u011f\u0131r yaraland\u0131.<\/p>\n<p>Hastaneye kald\u0131r\u0131ld\u0131\u2026<br \/>\nUzun s\u00fcre ya\u015fam m\u00fccadelesi verdi\u2026<\/p>\n<p>Ve hayatta kald\u0131.<\/p>\n<p>Ama asl\u0131nda o g\u00fcn, sadece hayatta kalmad\u0131\u2026<br \/>\nYeniden do\u011fdu.<\/p>\n<p>YEN\u0130DEN DO\u011eU\u015e: VAZGE\u00c7MEYEN B\u0130R SAVCI<\/p>\n<p>Bir\u00e7ok insan i\u00e7in b\u00f6yle bir sald\u0131r\u0131, bir son olurdu.<br \/>\nKorkunun, geri \u00e7ekilmenin, vazge\u00e7menin ba\u015flang\u0131c\u0131\u2026<\/p>\n<p>Ama onun i\u00e7in \u00f6yle olmad\u0131.<\/p>\n<p>O, mesle\u011fini b\u0131rakmad\u0131.<br \/>\nGeri ad\u0131m atmad\u0131.<\/p>\n<p>Gazi unvan\u0131n\u0131 ta\u015f\u0131d\u0131 ama bu unvan\u0131 bir hat\u0131ra de\u011fil, bir sorumluluk olarak g\u00f6rd\u00fc.<\/p>\n<p>T\u00fcrkiye\u2019nin farkl\u0131 b\u00f6lgelerinde g\u00f6rev yapt\u0131.<br \/>\nZor yerlerde, riskli dosyalarda, kritik anlarda hep g\u00f6rev ba\u015f\u0131ndayd\u0131.<\/p>\n<p>\u00c7\u00fcnk\u00fc onun i\u00e7in savc\u0131l\u0131k sadece bir meslek de\u011fildi\u2026<br \/>\nAdaletin ayakta kalma m\u00fccadelesiydi.<\/p>\n<p><img loading=\"lazy\" decoding=\"async\" loading=\"lazy\" class=\"alignnone size-medium wp-image-171613\" src=\"https:\/\/www.son.tv\/wp-content\/uploads\/2026\/04\/IMG_0160-300x300.jpeg\" alt=\"\" width=\"300\" height=\"300\" \/><\/p>\n<p>\u201cG\u00d6Z\u00dcN\u00dc KIRPMADAN G\u00d6REV YAPANLAR\u201dIN H\u0130K\u00c2YES\u0130<\/p>\n<p>Onun hik\u00e2yesi, asl\u0131nda bir\u00e7ok kamu g\u00f6revlisinin g\u00f6r\u00fcnmeyen hik\u00e2yesi\u2026<\/p>\n<p>Bir yanda tehditler, sald\u0131r\u0131lar, riskler\u2026<br \/>\nDi\u011fer yanda hukuk, sorumluluk ve devlet g\u00f6revi\u2026<\/p>\n<p>\u0130\u015fte tam bu \u00e7izgide y\u00fcr\u00fcyenlerden biri Beh\u00e7et Tufan Turan.<\/p>\n<p>\u00d6l\u00fcmle y\u00fczle\u015fmi\u015f bir insan\u0131n, ayn\u0131 yolda y\u00fcr\u00fcmeye devam etmesi\u2026<br \/>\nBu, sadece cesaret de\u011fil\u2026<br \/>\nBu, adanm\u0131\u015fl\u0131kt\u0131r.<\/p>\n<p>YILLAR SONRA GELEN TERF\u0130<\/p>\n<p>Aradan y\u0131llar ge\u00e7ti\u2026<\/p>\n<p>O g\u00fcn hastane koridorlar\u0131nda ya\u015fam m\u00fccadelesi veren savc\u0131, bug\u00fcn Antalya\u2019da Cumhuriyet Ba\u015fsavc\u0131 Vekili.<\/p>\n<p>Bu terfi\u2026<br \/>\nSadece bir makam de\u011fi\u015fikli\u011fi de\u011fil\u2026<\/p>\n<p>Bir devletin haf\u0131zas\u0131d\u0131r.<br \/>\nBir vefan\u0131n ifadesidir.<br \/>\nBir direni\u015fin sonucudur.<\/p>\n<p>Yarg\u0131 camias\u0131nda onun ad\u0131 art\u0131k sadece bir savc\u0131 olarak de\u011fil;<br \/>\n\u201czor zamanlar\u0131n adam\u0131\u201d olarak an\u0131l\u0131yor.<\/p>\n<p>\u015eEH\u0130TLER UNUTULMADI<\/p>\n<p>Solhan\u2019da \u015fehit d\u00fc\u015fen kamu g\u00f6revlileri ise unutulmad\u0131\u2026<br \/>\nUnutulmayacak\u2026<\/p>\n<p>Onlar bu hik\u00e2yenin sessiz kahramanlar\u0131 olarak haf\u0131zalarda ya\u015famaya devam ediyor.<\/p>\n<p>Ve bug\u00fcn\u2026<br \/>\nOnlarla ayn\u0131 sald\u0131r\u0131dan sa\u011f \u00e7\u0131kan bir isim, adaletin en \u00fcst kademelerinde g\u00f6rev yap\u0131yor.<\/p>\n<p>Beh\u00e7et Tufan Turan\u2019\u0131n hik\u00e2yesi\u2026<br \/>\nSadece bir kariyer hik\u00e2yesi de\u011fil\u2026<\/p>\n<p>Bir \u00fclkenin ac\u0131lar\u0131yla yo\u011frulmu\u015f,<br \/>\nAma vazge\u00e7meyen insanlar\u0131n hik\u00e2yesi\u2026<\/p>\n<p class=\"p1\"><span class=\"s1\">ET\u0130KETLER:<\/span><\/p>\n<p class=\"p1\"><span class=\"s2\">#Beh\u00e7etTufanTuran #Solhan #Bing\u00f6l #Kanl\u0131Bask\u0131n #GaziSavc\u0131 #HSK #AdliYarg\u0131Kararnamesi #Ba\u015fsavc\u0131Vekili #\u015eehitler #Yarg\u0131 #T\u00fcrkiye<\/span><\/p>\n<p>Bir g\u00fcn kur\u015funlar\u0131n hedefi oldu\u2026 Hayatla \u00f6l\u00fcm aras\u0131ndaki o ince \u00e7izgiden ge\u00e7ti. Ama o, mesle\u011fini b\u0131rakmad\u0131; adalete olan inanc\u0131n\u0131 daha da b\u00fcy\u00fctt\u00fc. Beh\u00e7et Tufan Turan, y\u0131llar boyunca ta\u015f\u0131d\u0131\u011f\u0131 gazi kimli\u011fiyle g\u00f6revine devam etti ve bug\u00fcn H\u00e2kimler ve Savc\u0131lar Kurulu kararnamesiyle Antalya Cumhuriyet Ba\u015fsavc\u0131 Vekilli\u011fine y\u00fckseldi. Onun hik\u00e2yesi, sadece bir kariyer de\u011fil; vazge\u00e7meyen bir iradenin ve adalet yolunda verilen bir \u00f6mr\u00fcn hik\u00e2yesi\u2026\u00a0<a href=\"https:\/\/www.son.tv\/terorun-hedefiydiadaletin-simgesi-oldugazi-savci-turan-bassavcivekili\/\" target=\"_blank\" class=\"feedzy-rss-link-icon\">Read More<\/a><\/p>","protected":false},"excerpt":{"rendered":"<p>SON.TV\/ANTALYA \u00a0 B\u0130R TERF\u0130DEN FAZLASI: B\u0130R HAYAT H\u0130K\u00c2YES\u0130 H\u00e2kimler ve Savc\u0131lar Kurulu Birinci Dairesi\u2019nin 29 Nisan 2026 tarihli ve 966 say\u0131l\u0131 Adli Yarg\u0131 Kararnamesi ile Antalya Cumhuriyet Savc\u0131s\u0131 olarak g\u00f6rev yapan Beh\u00e7et Tufan Turan, Cumhuriyet Ba\u015fsavc\u0131 Vekilli\u011fine atand\u0131. Ama bu, s\u0131radan bir atama de\u011fil\u2026 Bu, yar\u0131m kalan bir hayat\u0131n de\u011fil; yeniden aya\u011fa kalkm\u0131\u015f bir iradenin [&hellip;]<\/p>\n","protected":false},"author":1,"featured_media":27839,"comment_status":"open","ping_status":"open","sticky":false,"template":"","format":"standard","meta":{"footnotes":"","_links_to":"","_links_to_target":""},"categories":[1],"tags":[],"class_list":["post-27838","post","type-post","status-publish","format-standard","has-post-thumbnail","hentry","category-haberler"],"_links":{"self":[{"href":"https:\/\/www.abchukuk.com\/index.php\/wp-json\/wp\/v2\/posts\/27838","targetHints":{"allow":["GET"]}}],"collection":[{"href":"https:\/\/www.abchukuk.com\/index.php\/wp-json\/wp\/v2\/posts"}],"about":[{"href":"https:\/\/www.abchukuk.com\/index.php\/wp-json\/wp\/v2\/types\/post"}],"author":[{"embeddable":true,"href":"https:\/\/www.abchukuk.com\/index.php\/wp-json\/wp\/v2\/users\/1"}],"replies":[{"embeddable":true,"href":"https:\/\/www.abchukuk.com\/index.php\/wp-json\/wp\/v2\/comments?post=27838"}],"version-history":[{"count":0,"href":"https:\/\/www.abchukuk.com\/index.php\/wp-json\/wp\/v2\/posts\/27838\/revisions"}],"wp:featuredmedia":[{"embeddable":true,"href":"https:\/\/www.abchukuk.com\/index.php\/wp-json\/wp\/v2\/media\/27839"}],"wp:attachment":[{"href":"https:\/\/www.abchukuk.com\/index.php\/wp-json\/wp\/v2\/media?parent=27838"}],"wp:term":[{"taxonomy":"category","embeddable":true,"href":"https:\/\/www.abchukuk.com\/index.php\/wp-json\/wp\/v2\/categories?post=27838"},{"taxonomy":"post_tag","embeddable":true,"href":"https:\/\/www.abchukuk.com\/index.php\/wp-json\/wp\/v2\/tags?post=27838"}],"curies":[{"name":"wp","href":"https:\/\/api.w.org\/{rel}","templated":true}]}}