{"id":27834,"date":"2026-04-29T13:55:47","date_gmt":"2026-04-29T13:55:47","guid":{"rendered":"https:\/\/www.abchukuk.com\/index.php\/2026\/04\/29\/hkp-genel-baskani-nurullah-efe-ankut-hakkinda-tutuklama-talebi\/"},"modified":"2026-04-29T13:55:47","modified_gmt":"2026-04-29T13:55:47","slug":"hkp-genel-baskani-nurullah-efe-ankut-hakkinda-tutuklama-talebi","status":"publish","type":"post","link":"https:\/\/www.abchukuk.com\/index.php\/2026\/04\/29\/hkp-genel-baskani-nurullah-efe-ankut-hakkinda-tutuklama-talebi\/","title":{"rendered":"HKP Genel Ba\u015fkan\u0131 Nurullah Efe Ankut Hakk\u0131nda Tutuklama talebi"},"content":{"rendered":"<p><a href=\"https:\/\/www.gercekgundem.com\/guncel\/hkp-genel-baskani-nurullah-efe-ankut-hakkinda-tutuklama-talebi-570604\"><br \/>\n                                                            <img decoding=\"async\" src=\"https:\/\/i.gercekgundem.com\/2\/150\/84\/storage\/files\/images\/2026\/04\/29\/hkp-genel-baskani-nurullah-efe-ankut-hakkinda-tutuklama-talebi-svyu.jpg\" width=\"150\" height=\"84\" border=\"0\" align=\"right\" \/><br \/>\n                                                    <\/a><\/p>\n<h4>Ev hapsindeyken &#8220;Cumhurba\u015fkan\u0131na hakaret&#8221; iddias\u0131yla g\u00f6zalt\u0131na al\u0131nan HKP Genel Ba\u015fkan\u0131 Nurullah Efe, ifadesinin ard\u0131ndan tutuklama talebiyle hakimli\u011fe sevk edildi.<\/h4>\n<p>Ev hapsindeyken &#8220;Cumhurba\u015fkan\u0131na hakaret&#8221; iddias\u0131yla g\u00f6zalt\u0131na al\u0131nan HKP Genel Ba\u015fkan\u0131 Nurullah Efe, ifadesinin ard\u0131ndan tutuklama talebiyle hakimli\u011fe sevk edildi.\u00a0<a href=\"https:\/\/www.gercekgundem.com\/guncel\/hkp-genel-baskani-nurullah-efe-ankut-hakkinda-tutuklama-talebi-570604\" target=\"_blank\" class=\"feedzy-rss-link-icon\">Read More<\/a><\/p>","protected":false},"excerpt":{"rendered":"<p>Ev hapsindeyken &#8220;Cumhurba\u015fkan\u0131na hakaret&#8221; iddias\u0131yla g\u00f6zalt\u0131na al\u0131nan HKP Genel Ba\u015fkan\u0131 Nurullah Efe, ifadesinin ard\u0131ndan tutuklama talebiyle hakimli\u011fe sevk edildi. Ev hapsindeyken &#8220;Cumhurba\u015fkan\u0131na hakaret&#8221; iddias\u0131yla g\u00f6zalt\u0131na al\u0131nan HKP Genel Ba\u015fkan\u0131 Nurullah Efe, ifadesinin ard\u0131ndan tutuklama talebiyle hakimli\u011fe sevk edildi.\u00a0Read More<\/p>\n","protected":false},"author":1,"featured_media":27835,"comment_status":"open","ping_status":"open","sticky":false,"template":"","format":"standard","meta":{"footnotes":"","_links_to":"","_links_to_target":""},"categories":[1],"tags":[],"class_list":["post-27834","post","type-post","status-publish","format-standard","has-post-thumbnail","hentry","category-haberler"],"_links":{"self":[{"href":"https:\/\/www.abchukuk.com\/index.php\/wp-json\/wp\/v2\/posts\/27834","targetHints":{"allow":["GET"]}}],"collection":[{"href":"https:\/\/www.abchukuk.com\/index.php\/wp-json\/wp\/v2\/posts"}],"about":[{"href":"https:\/\/www.abchukuk.com\/index.php\/wp-json\/wp\/v2\/types\/post"}],"author":[{"embeddable":true,"href":"https:\/\/www.abchukuk.com\/index.php\/wp-json\/wp\/v2\/users\/1"}],"replies":[{"embeddable":true,"href":"https:\/\/www.abchukuk.com\/index.php\/wp-json\/wp\/v2\/comments?post=27834"}],"version-history":[{"count":0,"href":"https:\/\/www.abchukuk.com\/index.php\/wp-json\/wp\/v2\/posts\/27834\/revisions"}],"wp:featuredmedia":[{"embeddable":true,"href":"https:\/\/www.abchukuk.com\/index.php\/wp-json\/wp\/v2\/media\/27835"}],"wp:attachment":[{"href":"https:\/\/www.abchukuk.com\/index.php\/wp-json\/wp\/v2\/media?parent=27834"}],"wp:term":[{"taxonomy":"category","embeddable":true,"href":"https:\/\/www.abchukuk.com\/index.php\/wp-json\/wp\/v2\/categories?post=27834"},{"taxonomy":"post_tag","embeddable":true,"href":"https:\/\/www.abchukuk.com\/index.php\/wp-json\/wp\/v2\/tags?post=27834"}],"curies":[{"name":"wp","href":"https:\/\/api.w.org\/{rel}","templated":true}]}}