{"id":27829,"date":"2026-04-29T14:33:37","date_gmt":"2026-04-29T14:33:37","guid":{"rendered":"https:\/\/www.abchukuk.com\/index.php\/2026\/04\/29\/adalet-bakan-yardimcisi-can-tuncaydan-bursada-oldurulen-avukat-icin-taziye-mesaji\/"},"modified":"2026-04-29T14:33:37","modified_gmt":"2026-04-29T14:33:37","slug":"adalet-bakan-yardimcisi-can-tuncaydan-bursada-oldurulen-avukat-icin-taziye-mesaji","status":"publish","type":"post","link":"https:\/\/www.abchukuk.com\/index.php\/2026\/04\/29\/adalet-bakan-yardimcisi-can-tuncaydan-bursada-oldurulen-avukat-icin-taziye-mesaji\/","title":{"rendered":"ADALET BAKAN YARDIMCISI CAN TUNCAY\u2019DAN BURSA\u2019DA \u00d6LD\u00dcR\u00dcLEN AVUKAT \u0130\u00c7\u0130N TAZ\u0130YE MESAJI"},"content":{"rendered":"<p class=\"p1\">SON.TV\/ANKARA<\/p>\n<p>\u00a0<\/p>\n<p class=\"p1\"><span class=\"s1\">BURSA\u2019DAK\u0130 SALDIRI YARGI CAM\u0130ASINI YASA BO\u011eDU<\/span><\/p>\n<p class=\"p1\"><span class=\"s3\">Bursa<\/span><span class=\"s2\">\u2019n\u0131n G\u00fcrsu il\u00e7esinde meydana gelen silahl\u0131 sald\u0131r\u0131, hukuk camias\u0131n\u0131 derinden sarst\u0131. A\u011fak\u00f6y Mahallesi\u2019nde bir depoya d\u00fczenlenen sald\u0131r\u0131da avukat Hatice Kocaefe hayat\u0131n\u0131 kaybederken, k\u0131z karde\u015fi Elif \u00c7. yaraland\u0131. Olay\u0131n ard\u0131ndan b\u00f6lgede geni\u015f \u00e7apl\u0131 soru\u015fturma ba\u015flat\u0131ld\u0131.<\/span><\/p>\n<p><img decoding=\"async\" class=\"alignnone size-medium wp-image-171620\" src=\"https:\/\/www.son.tv\/wp-content\/uploads\/2026\/04\/IMG_0164-300x159.webp\" alt=\"\" width=\"300\" height=\"159\" \/><\/p>\n<p class=\"p1\"><span class=\"s1\">BAKAN YARDIMCISI TUNCAY\u2019DAN DUYGUSAL MESAJ<\/span><\/p>\n<p class=\"p1\"><span class=\"s2\">Adalet Bakan Yard\u0131mc\u0131s\u0131 <\/span><span class=\"s3\">Can Tuncay<\/span><span class=\"s2\">, sosyal medya hesab\u0131ndan yapt\u0131\u011f\u0131 payla\u015f\u0131mda, menfur sald\u0131r\u0131da hayat\u0131n\u0131 kaybeden avukat Hatice Kocaefe i\u00e7in ba\u015fsa\u011fl\u0131\u011f\u0131 dileklerini iletti.<\/span><\/p>\n<p class=\"p1\"><span class=\"s2\">Tuncay mesaj\u0131nda, hayat\u0131n\u0131 kaybeden gen\u00e7 avukata Allah\u2019tan rahmet, ailesine ve yak\u0131nlar\u0131na sab\u0131r dileyerek, ya\u015fanan olaydan duydu\u011fu derin \u00fcz\u00fcnt\u00fcy\u00fc ifade etti. Payla\u015f\u0131m, k\u0131sa s\u00fcrede \u00e7ok say\u0131da kullan\u0131c\u0131 taraf\u0131ndan destek ve taziye mesajlar\u0131yla kar\u015f\u0131l\u0131k buldu.<\/span><\/p>\n<p>\u00a0<\/p>\n<p class=\"p1\"><span class=\"s1\"><img fetchpriority=\"high\" decoding=\"async\" class=\"alignnone size-medium wp-image-171621\" src=\"https:\/\/www.son.tv\/wp-content\/uploads\/2026\/04\/IMG_0167-300x300.webp\" alt=\"\" width=\"300\" height=\"300\" \/>SALDIRI SONRASI SORU\u015eTURMA BA\u015eLATILDI<\/span><\/p>\n<p class=\"p1\"><span class=\"s2\">Sald\u0131r\u0131n\u0131n alacak-verecek meselesine dayanan bir husumetten kaynakland\u0131\u011f\u0131 iddia edilirken, jandarma ekipleri olay\u0131n faillerini yakalamak i\u00e7in \u00e7al\u0131\u015fmalar\u0131n\u0131 s\u00fcrd\u00fcr\u00fcyor. Yaralanan Elif \u00c7.\u2019nin sa\u011fl\u0131k durumunun iyi oldu\u011fu \u00f6\u011frenildi.<img decoding=\"async\" class=\"alignnone size-medium wp-image-171622\" src=\"https:\/\/www.son.tv\/wp-content\/uploads\/2026\/04\/IMG_0171-300x169.webp\" alt=\"\" width=\"300\" height=\"169\" \/><\/span><\/p>\n<p>\u00a0<\/p>\n<div class=\"wp-caption alignnone\"><img loading=\"lazy\" decoding=\"async\" loading=\"lazy\" aria-describedby=\"caption-attachment-171624\" class=\"size-medium wp-image-171624\" src=\"https:\/\/www.son.tv\/wp-content\/uploads\/2026\/04\/IMG_0168-1-220x300.jpeg\" alt=\"\" width=\"220\" height=\"300\" \/>\n<p class=\"wp-caption-text\">Screenshot<\/p>\n<\/div>\n<p class=\"p1\"><span class=\"s1\">YARGI CAM\u0130ASINDAN DAYANI\u015eMA MESAJLARI<\/span><\/p>\n<p class=\"p1\"><span class=\"s2\">Hatice Kocaefe\u2019nin vefat\u0131 sonras\u0131 hukuk d\u00fcnyas\u0131ndan bir\u00e7ok isim ve kurum da pe\u015f pe\u015fe taziye mesajlar\u0131 yay\u0131mlad\u0131. Ya\u015fanan olay, avukatlara y\u00f6nelik \u015fiddet tart\u0131\u015fmalar\u0131n\u0131 yeniden g\u00fcndeme ta\u015f\u0131rken, adalet camias\u0131nda birlik ve dayan\u0131\u015fma vurgusu \u00f6ne \u00e7\u0131kt\u0131.<\/span><\/p>\n<p class=\"p1\"><span class=\"s1\">ET\u0130KETLER:<\/span><\/p>\n<p class=\"p1\"><span class=\"s2\">#Bursa #G\u00fcrsu #HaticeKocaefe #CanTuncay #AdaletBakanl\u0131\u011f\u0131 #Avukat #Silahl\u0131Sald\u0131r\u0131 #Yarg\u0131 #Taziye #SonDakika<\/span><\/p>\n<p>Bursa\u2019n\u0131n G\u00fcrsu il\u00e7esinde silahl\u0131 sald\u0131r\u0131da hayat\u0131n\u0131 kaybeden avukat Hatice Kocaefe i\u00e7in Adalet Bakan Yard\u0131mc\u0131s\u0131 Can Tuncay sosyal medya hesab\u0131ndan taziye mesaj\u0131 yay\u0131mlad\u0131. Tuncay\u2019\u0131n mesaj\u0131, yarg\u0131 camias\u0131nda derin \u00fcz\u00fcnt\u00fc yaratan olay sonras\u0131 dikkat \u00e7eken bir duyarl\u0131l\u0131k \u00f6rne\u011fi oldu.\u00a0<a href=\"https:\/\/www.son.tv\/adalet-bakan-yardimcisi-can-tuncaydan-bursada-oldurulen-avukat-icin-taziye-mesaji\/\" target=\"_blank\" class=\"feedzy-rss-link-icon\">Read More<\/a><\/p>","protected":false},"excerpt":{"rendered":"<p>SON.TV\/ANKARA \u00a0 BURSA\u2019DAK\u0130 SALDIRI YARGI CAM\u0130ASINI YASA BO\u011eDU Bursa\u2019n\u0131n G\u00fcrsu il\u00e7esinde meydana gelen silahl\u0131 sald\u0131r\u0131, hukuk camias\u0131n\u0131 derinden sarst\u0131. A\u011fak\u00f6y Mahallesi\u2019nde bir depoya d\u00fczenlenen sald\u0131r\u0131da avukat Hatice Kocaefe hayat\u0131n\u0131 kaybederken, k\u0131z karde\u015fi Elif \u00c7. yaraland\u0131. Olay\u0131n ard\u0131ndan b\u00f6lgede geni\u015f \u00e7apl\u0131 soru\u015fturma ba\u015flat\u0131ld\u0131. BAKAN YARDIMCISI TUNCAY\u2019DAN DUYGUSAL MESAJ Adalet Bakan Yard\u0131mc\u0131s\u0131 Can Tuncay, sosyal medya hesab\u0131ndan [&hellip;]<\/p>\n","protected":false},"author":1,"featured_media":27830,"comment_status":"open","ping_status":"open","sticky":false,"template":"","format":"standard","meta":{"footnotes":"","_links_to":"","_links_to_target":""},"categories":[1],"tags":[],"class_list":["post-27829","post","type-post","status-publish","format-standard","has-post-thumbnail","hentry","category-haberler"],"_links":{"self":[{"href":"https:\/\/www.abchukuk.com\/index.php\/wp-json\/wp\/v2\/posts\/27829","targetHints":{"allow":["GET"]}}],"collection":[{"href":"https:\/\/www.abchukuk.com\/index.php\/wp-json\/wp\/v2\/posts"}],"about":[{"href":"https:\/\/www.abchukuk.com\/index.php\/wp-json\/wp\/v2\/types\/post"}],"author":[{"embeddable":true,"href":"https:\/\/www.abchukuk.com\/index.php\/wp-json\/wp\/v2\/users\/1"}],"replies":[{"embeddable":true,"href":"https:\/\/www.abchukuk.com\/index.php\/wp-json\/wp\/v2\/comments?post=27829"}],"version-history":[{"count":0,"href":"https:\/\/www.abchukuk.com\/index.php\/wp-json\/wp\/v2\/posts\/27829\/revisions"}],"wp:featuredmedia":[{"embeddable":true,"href":"https:\/\/www.abchukuk.com\/index.php\/wp-json\/wp\/v2\/media\/27830"}],"wp:attachment":[{"href":"https:\/\/www.abchukuk.com\/index.php\/wp-json\/wp\/v2\/media?parent=27829"}],"wp:term":[{"taxonomy":"category","embeddable":true,"href":"https:\/\/www.abchukuk.com\/index.php\/wp-json\/wp\/v2\/categories?post=27829"},{"taxonomy":"post_tag","embeddable":true,"href":"https:\/\/www.abchukuk.com\/index.php\/wp-json\/wp\/v2\/tags?post=27829"}],"curies":[{"name":"wp","href":"https:\/\/api.w.org\/{rel}","templated":true}]}}