{"id":27824,"date":"2026-04-29T12:19:00","date_gmt":"2026-04-29T12:19:00","guid":{"rendered":"https:\/\/www.abchukuk.com\/index.php\/2026\/04\/29\/hakan-cakir-cinayetine-iliskin-davada-yeni-gelisme-gerekceli-karar-aciklandi\/"},"modified":"2026-04-29T12:19:00","modified_gmt":"2026-04-29T12:19:00","slug":"hakan-cakir-cinayetine-iliskin-davada-yeni-gelisme-gerekceli-karar-aciklandi","status":"publish","type":"post","link":"https:\/\/www.abchukuk.com\/index.php\/2026\/04\/29\/hakan-cakir-cinayetine-iliskin-davada-yeni-gelisme-gerekceli-karar-aciklandi\/","title":{"rendered":"Hakan \u00c7ak\u0131r cinayetine ili\u015fkin davada yeni geli\u015fme: Gerek\u00e7eli karar a\u00e7\u0131kland\u0131"},"content":{"rendered":"<p>Ankara&#8217;da 23 ya\u015f\u0131ndaki Hakan \u00c7ak\u0131r&#8217;\u0131n \u00f6ld\u00fcr\u00fclmesine ili\u015fkin davada san\u0131klara verilen cezalar\u0131n gerek\u00e7esi a\u00e7\u0131kland\u0131. Gerek\u00e7ede, san\u0131klar\u0131n birlikte hareket ederek pala, b\u0131\u00e7ak ve \u00e7ivili sopalarla sald\u0131rd\u0131klar\u0131, eylem \u00fczerinde ortak hakimiyet kurduklar\u0131 ve \u00f6ld\u00fcrme kast\u0131yla hareket ettiklerinin kabul edildi\u011fi kaydedildi.Ankara&#8217;da 23 ya\u015f\u0131ndaki Hakan \u00c7ak\u0131r&#8217;\u0131n \u00f6ld\u00fcr\u00fclmesine ili\u015fkin davada san\u0131klara verilen cezalar\u0131n gerek\u00e7esi a\u00e7\u0131kland\u0131. Gerek\u00e7ede, san\u0131klar\u0131n birlikte hareket ederek pala, b\u0131\u00e7ak ve \u00e7ivili sopalarla sald\u0131rd\u0131klar\u0131, eylem \u00fczerinde ortak hakimiyet kurduklar\u0131 ve \u00f6ld\u00fcrme kast\u0131yla hareket ettiklerinin kabul edildi\u011fi kaydedildi.\u00a0<a href=\"https:\/\/www.cumhuriyet.com.tr\/turkiye\/hakan-cakir-cinayetine-iliskin-davada-yeni-gelisme-gerekceli-karar-aciklandi-2499536\" target=\"_blank\" class=\"feedzy-rss-link-icon\">Read More<\/a><\/p>","protected":false},"excerpt":{"rendered":"<p>Ankara&#8217;da 23 ya\u015f\u0131ndaki Hakan \u00c7ak\u0131r&#8217;\u0131n \u00f6ld\u00fcr\u00fclmesine ili\u015fkin davada san\u0131klara verilen cezalar\u0131n gerek\u00e7esi a\u00e7\u0131kland\u0131. Gerek\u00e7ede, san\u0131klar\u0131n birlikte hareket ederek pala, b\u0131\u00e7ak ve \u00e7ivili sopalarla sald\u0131rd\u0131klar\u0131, eylem \u00fczerinde ortak hakimiyet kurduklar\u0131 ve \u00f6ld\u00fcrme kast\u0131yla hareket ettiklerinin kabul edildi\u011fi kaydedildi.Ankara&#8217;da 23 ya\u015f\u0131ndaki Hakan \u00c7ak\u0131r&#8217;\u0131n \u00f6ld\u00fcr\u00fclmesine ili\u015fkin davada san\u0131klara verilen cezalar\u0131n gerek\u00e7esi a\u00e7\u0131kland\u0131. Gerek\u00e7ede, san\u0131klar\u0131n birlikte hareket ederek pala, [&hellip;]<\/p>\n","protected":false},"author":1,"featured_media":27825,"comment_status":"open","ping_status":"open","sticky":false,"template":"","format":"standard","meta":{"footnotes":"","_links_to":"","_links_to_target":""},"categories":[1],"tags":[],"class_list":["post-27824","post","type-post","status-publish","format-standard","has-post-thumbnail","hentry","category-haberler"],"_links":{"self":[{"href":"https:\/\/www.abchukuk.com\/index.php\/wp-json\/wp\/v2\/posts\/27824","targetHints":{"allow":["GET"]}}],"collection":[{"href":"https:\/\/www.abchukuk.com\/index.php\/wp-json\/wp\/v2\/posts"}],"about":[{"href":"https:\/\/www.abchukuk.com\/index.php\/wp-json\/wp\/v2\/types\/post"}],"author":[{"embeddable":true,"href":"https:\/\/www.abchukuk.com\/index.php\/wp-json\/wp\/v2\/users\/1"}],"replies":[{"embeddable":true,"href":"https:\/\/www.abchukuk.com\/index.php\/wp-json\/wp\/v2\/comments?post=27824"}],"version-history":[{"count":0,"href":"https:\/\/www.abchukuk.com\/index.php\/wp-json\/wp\/v2\/posts\/27824\/revisions"}],"wp:featuredmedia":[{"embeddable":true,"href":"https:\/\/www.abchukuk.com\/index.php\/wp-json\/wp\/v2\/media\/27825"}],"wp:attachment":[{"href":"https:\/\/www.abchukuk.com\/index.php\/wp-json\/wp\/v2\/media?parent=27824"}],"wp:term":[{"taxonomy":"category","embeddable":true,"href":"https:\/\/www.abchukuk.com\/index.php\/wp-json\/wp\/v2\/categories?post=27824"},{"taxonomy":"post_tag","embeddable":true,"href":"https:\/\/www.abchukuk.com\/index.php\/wp-json\/wp\/v2\/tags?post=27824"}],"curies":[{"name":"wp","href":"https:\/\/api.w.org\/{rel}","templated":true}]}}