{"id":27822,"date":"2026-04-29T12:32:00","date_gmt":"2026-04-29T12:32:00","guid":{"rendered":"https:\/\/www.abchukuk.com\/index.php\/2026\/04\/29\/hkp-lideri-nurullah-efe-ankut-icin-tutuklama-talebi\/"},"modified":"2026-04-29T12:32:00","modified_gmt":"2026-04-29T12:32:00","slug":"hkp-lideri-nurullah-efe-ankut-icin-tutuklama-talebi","status":"publish","type":"post","link":"https:\/\/www.abchukuk.com\/index.php\/2026\/04\/29\/hkp-lideri-nurullah-efe-ankut-icin-tutuklama-talebi\/","title":{"rendered":"HKP lideri Nurullah Efe Ankut i\u00e7in tutuklama talebi"},"content":{"rendered":"<p>Ev hapsi tedbiri bulunan ve d\u00fcn ak\u015fam evine yap\u0131lan bask\u0131nla \u201cCumhurba\u015fkan\u0131na hakaret\u201d su\u00e7lamas\u0131yla g\u00f6zalt\u0131na al\u0131nan HKP lideri Nurullah Efe Ankut, tutuklama talebiyle adliyeye sevk edildi. HKP&#8217;den yap\u0131lan a\u00e7\u0131klamada&#8221;Yarg\u0131y\u0131 muhaliflere kar\u015f\u0131 bir operasyon silah\u0131na d\u00f6n\u00fc\u015ft\u00fcren AKP&#8217;giller ne yaparlarsa yaps\u0131nlar, Genel Ba\u015fkan&#8217;\u0131m\u0131z\u0131n ve Partimizin m\u00fccadelesini asla engelleyemeyecektir&#8221; denildi.Ev hapsi tedbiri bulunan ve d\u00fcn ak\u015fam evine yap\u0131lan bask\u0131nla \u201cCumhurba\u015fkan\u0131na hakaret\u201d su\u00e7lamas\u0131yla g\u00f6zalt\u0131na al\u0131nan HKP lideri Nurullah Efe Ankut, tutuklama talebiyle adliyeye sevk edildi. HKP&#8217;den yap\u0131lan a\u00e7\u0131klamada&#8221;Yarg\u0131y\u0131 muhaliflere kar\u015f\u0131 bir operasyon silah\u0131na d\u00f6n\u00fc\u015ft\u00fcren AKP&#8217;giller ne yaparlarsa yaps\u0131nlar, Genel Ba\u015fkan&#8217;\u0131m\u0131z\u0131n ve Partimizin m\u00fccadelesini asla engelleyemeyecektir&#8221; denildi.\u00a0<a href=\"https:\/\/www.cumhuriyet.com.tr\/turkiye\/hkp-lideri-nurullah-efe-ankut-icin-tutuklama-talebi-2499540\" target=\"_blank\" class=\"feedzy-rss-link-icon\">Read More<\/a><\/p>","protected":false},"excerpt":{"rendered":"<p>Ev hapsi tedbiri bulunan ve d\u00fcn ak\u015fam evine yap\u0131lan bask\u0131nla \u201cCumhurba\u015fkan\u0131na hakaret\u201d su\u00e7lamas\u0131yla g\u00f6zalt\u0131na al\u0131nan HKP lideri Nurullah Efe Ankut, tutuklama talebiyle adliyeye sevk edildi. HKP&#8217;den yap\u0131lan a\u00e7\u0131klamada&#8221;Yarg\u0131y\u0131 muhaliflere kar\u015f\u0131 bir operasyon silah\u0131na d\u00f6n\u00fc\u015ft\u00fcren AKP&#8217;giller ne yaparlarsa yaps\u0131nlar, Genel Ba\u015fkan&#8217;\u0131m\u0131z\u0131n ve Partimizin m\u00fccadelesini asla engelleyemeyecektir&#8221; denildi.Ev hapsi tedbiri bulunan ve d\u00fcn ak\u015fam evine yap\u0131lan bask\u0131nla [&hellip;]<\/p>\n","protected":false},"author":1,"featured_media":27823,"comment_status":"open","ping_status":"open","sticky":false,"template":"","format":"standard","meta":{"footnotes":"","_links_to":"","_links_to_target":""},"categories":[1],"tags":[],"class_list":["post-27822","post","type-post","status-publish","format-standard","has-post-thumbnail","hentry","category-haberler"],"_links":{"self":[{"href":"https:\/\/www.abchukuk.com\/index.php\/wp-json\/wp\/v2\/posts\/27822","targetHints":{"allow":["GET"]}}],"collection":[{"href":"https:\/\/www.abchukuk.com\/index.php\/wp-json\/wp\/v2\/posts"}],"about":[{"href":"https:\/\/www.abchukuk.com\/index.php\/wp-json\/wp\/v2\/types\/post"}],"author":[{"embeddable":true,"href":"https:\/\/www.abchukuk.com\/index.php\/wp-json\/wp\/v2\/users\/1"}],"replies":[{"embeddable":true,"href":"https:\/\/www.abchukuk.com\/index.php\/wp-json\/wp\/v2\/comments?post=27822"}],"version-history":[{"count":0,"href":"https:\/\/www.abchukuk.com\/index.php\/wp-json\/wp\/v2\/posts\/27822\/revisions"}],"wp:featuredmedia":[{"embeddable":true,"href":"https:\/\/www.abchukuk.com\/index.php\/wp-json\/wp\/v2\/media\/27823"}],"wp:attachment":[{"href":"https:\/\/www.abchukuk.com\/index.php\/wp-json\/wp\/v2\/media?parent=27822"}],"wp:term":[{"taxonomy":"category","embeddable":true,"href":"https:\/\/www.abchukuk.com\/index.php\/wp-json\/wp\/v2\/categories?post=27822"},{"taxonomy":"post_tag","embeddable":true,"href":"https:\/\/www.abchukuk.com\/index.php\/wp-json\/wp\/v2\/tags?post=27822"}],"curies":[{"name":"wp","href":"https:\/\/api.w.org\/{rel}","templated":true}]}}