{"id":27820,"date":"2026-04-29T11:39:39","date_gmt":"2026-04-29T11:39:39","guid":{"rendered":"https:\/\/www.abchukuk.com\/index.php\/2026\/04\/29\/hskdan-yeni-kararname-34-hakim-ve-savcinin-gorev-yeri-degisti\/"},"modified":"2026-04-29T11:39:39","modified_gmt":"2026-04-29T11:39:39","slug":"hskdan-yeni-kararname-34-hakim-ve-savcinin-gorev-yeri-degisti","status":"publish","type":"post","link":"https:\/\/www.abchukuk.com\/index.php\/2026\/04\/29\/hskdan-yeni-kararname-34-hakim-ve-savcinin-gorev-yeri-degisti\/","title":{"rendered":"HSK\u2019dan yeni kararname: 34 h\u00e2kim ve savc\u0131n\u0131n g\u00f6rev yeri de\u011fi\u015fti"},"content":{"rendered":"<p class=\"p1\">H\u00e2kimler ve Savc\u0131lar Kurulu (HSK) Birinci Dairesi taraf\u0131ndan yay\u0131mlanan son kararnameyle 34 h\u00e2kim ve savc\u0131n\u0131n g\u00f6rev yeri de\u011fi\u015ftirildi. Kararname kapsam\u0131nda \u00f6zellikle Adalet Bakanl\u0131\u011f\u0131 merkez te\u015fkilat\u0131nda g\u00f6rev yapan tetkik h\u00e2kimleri ve daire ba\u015fkanlar\u0131n\u0131n \u00f6nemli bir b\u00f6l\u00fcm\u00fc, Yarg\u0131tay Cumhuriyet Savc\u0131l\u0131\u011f\u0131 ile B\u00f6lge Adliye Mahkemesi Cumhuriyet savc\u0131l\u0131klar\u0131na atand\u0131. Yap\u0131lan d\u00fczenlemeyle yarg\u0131 te\u015fkilat\u0131nda dikkat \u00e7eken bir g\u00f6rev da\u011f\u0131l\u0131m\u0131 ger\u00e7ekle\u015fti.<\/p>\n<p class=\"p1\"><span class=\"s2\">Kararname do\u011frultusunda Z\u00fcmra Y\u0131lmaz, Adalet Bakanl\u0131\u011f\u0131\u2019ndaki daire ba\u015fkanl\u0131\u011f\u0131 g\u00f6revinden Ankara B\u00f6lge Adliye Mahkemesi Cumhuriyet Savc\u0131l\u0131\u011f\u0131na atan\u0131rken, Beh\u00e7et Tufan Turan Antalya Cumhuriyet Savc\u0131l\u0131\u011f\u0131ndan Antalya Cumhuriyet Ba\u015fsavc\u0131 Vekilli\u011fine getirildi. Adalet Bakanl\u0131\u011f\u0131 \u0130\u00e7 Denet\u00e7isi Seyit Ahmet Alperen ile tetkik h\u00e2kimleri Fettah \u00c7avu\u015f, Tahsin Mutlu, Yurdag\u00fcl Keskin ve Hakan Yelek Yarg\u0131tay Cumhuriyet Savc\u0131l\u0131\u011f\u0131 g\u00f6revine atanan isimler aras\u0131nda yer ald\u0131.<\/span><\/p>\n<p class=\"p1\"><span class=\"s2\">Geli\u015fmeler kapsam\u0131nda P\u0131nar \u015eafak Bak\u0131rk\u00f6y Ticaret Mahkemesi Ba\u015fkanl\u0131\u011f\u0131na y\u00fckseltilirken, Adnan Korkmaz ve Ali Canbolat Ankara B\u00f6lge Adliye Mahkemesi Cumhuriyet Savc\u0131l\u0131\u011f\u0131na g\u00f6revlendirildi. Antalya\u2019da g\u00f6rev yapan baz\u0131 savc\u0131lar ve ba\u015fsavc\u0131 vekilleri de yeni pozisyonlara kayd\u0131r\u0131ld\u0131. G\u00fcrkan K\u00fct\u00fck ve Fatih Ar\u0131c\u0131gil Antalya B\u00f6lge Adliye Mahkemesi Cumhuriyet Savc\u0131l\u0131\u011f\u0131na atan\u0131rken, Mehdi \u00d6z\u00e7oban ve Gamze Almal\u0131 Antalya Cumhuriyet Ba\u015fsavc\u0131 Vekilli\u011fi g\u00f6revine getirildi.<\/span><\/p>\n<p class=\"p1\"><span class=\"s1\">YARGITAY VE BAM ATAMALARI \u00d6NE \u00c7IKTI<\/span><\/p>\n<p class=\"p1\"><span class=\"s2\">Kararnamede Yarg\u0131tay ve B\u00f6lge Adliye Mahkemelerine yap\u0131lan atamalar dikkat \u00e7ekti. Kenan Uzun ve Yasin Y\u0131ld\u0131r\u0131m Yarg\u0131tay Cumhuriyet Savc\u0131l\u0131\u011f\u0131na atan\u0131rken, Merve \u00d6zcan Ankara B\u00f6lge Adliye Mahkemesi \u00fcyeli\u011fine getirildi. \u00d6zg\u00fcr Kuzulu ise \u0130stanbul B\u00f6lge Adliye Mahkemesi Cumhuriyet Savc\u0131l\u0131\u011f\u0131 g\u00f6revine atand\u0131.<\/span><\/p>\n<p class=\"p1\"><span class=\"s2\">\u0130zmir, Ankara ve Antalya ba\u015fta olmak \u00fczere bir\u00e7ok ilde g\u00f6rev de\u011fi\u015fiklikleri ger\u00e7ekle\u015fti. Beyhan Karaka\u015fl\u0131 \u0130zmir B\u00f6lge Adliye Mahkemesi Cumhuriyet Savc\u0131l\u0131\u011f\u0131na atan\u0131rken, Osman Elma ve \u00c7a\u011fda\u015f \u00d6zer Ankara B\u00f6lge Adliye Mahkemesi Cumhuriyet Savc\u0131l\u0131\u011f\u0131 kadrosuna dahil edildi.<\/span><\/p>\n<p class=\"p1\"><span class=\"s1\">TA\u015eRA TE\u015eK\u0130LATINDA DA DE\u011e\u0130\u015e\u0130M<\/span><\/p>\n<p class=\"p1\"><span class=\"s2\">Kararname yaln\u0131zca \u00fcst yarg\u0131 ve merkez te\u015fkilat\u0131yla s\u0131n\u0131rl\u0131 kalmad\u0131. Ta\u015fra te\u015fkilat\u0131nda da \u00f6nemli de\u011fi\u015fiklikler yap\u0131ld\u0131. Ya\u015far Tanr\u0131verdi Kar\u015f\u0131yaka Cumhuriyet Savc\u0131l\u0131\u011f\u0131na atan\u0131rken, Hilmi Kahveci Karacabey Cumhuriyet Ba\u015fsavc\u0131l\u0131\u011f\u0131 g\u00f6revine getirildi. Batuhan K\u0131l\u0131n\u00e7 ise Karacabey\u2019den Kemer Cumhuriyet Ba\u015fsavc\u0131l\u0131\u011f\u0131na atand\u0131.<\/span><\/p>\n<p class=\"p1\"><span class=\"s2\">Antalya merkezli atamalar da dikkat \u00e7ekti. Z\u00fcbeyde Dalg\u00fclge \u015eeng\u00fcl, Do\u011fancan \u0130nce, Yasir Aksoy, Yunus Emre \u00d6zdemir ve Alperen Kiziro\u011flu Antalya Cumhuriyet Savc\u0131l\u0131\u011f\u0131na atanan isimler aras\u0131nda yer ald\u0131.<\/span><\/p>\n<p class=\"p1\"><span class=\"s2\">Son kararnameyle birlikte HSK, hem merkez hem de ta\u015fra te\u015fkilat\u0131nda g\u00f6rev da\u011f\u0131l\u0131m\u0131n\u0131 yeniden \u015fekillendirirken, yarg\u0131 kadrolar\u0131nda kapsaml\u0131 bir yer de\u011fi\u015fikli\u011fi ger\u00e7ekle\u015ftirmi\u015f oldu.<\/span><\/p>\n<p>HSK Birinci Dairesi\u2019nin yay\u0131mlad\u0131\u011f\u0131 son kararnameyle 34 h\u00e2kim ve savc\u0131n\u0131n g\u00f6rev yeri de\u011fi\u015ftirildi. Adalet Bakanl\u0131\u011f\u0131 merkez te\u015fkilat\u0131nda g\u00f6rev yapan bir\u00e7ok tetkik h\u00e2kimi ve daire ba\u015fkan\u0131, Yarg\u0131tay Cumhuriyet Savc\u0131l\u0131\u011f\u0131 ile B\u00f6lge Adliye Mahkemesi Cumhuriyet savc\u0131l\u0131klar\u0131na atand\u0131. Kararname kapsam\u0131nda \u00f6zellikle Ankara, \u0130stanbul, \u0130zmir ve Antalya\u2019da yo\u011funla\u015fan atamalar dikkat \u00e7ekerken, hem \u00fcst yarg\u0131 hem de ta\u015fra te\u015fkilat\u0131nda kapsaml\u0131 bir g\u00f6rev de\u011fi\u015fimi ger\u00e7ekle\u015ftirildi.\u00a0<a href=\"https:\/\/www.son.tv\/hskdan-yeni-kararname-34-hakim-ve-savcinin-gorev-yeri-degisti\/\" target=\"_blank\" class=\"feedzy-rss-link-icon\">Read More<\/a><\/p>","protected":false},"excerpt":{"rendered":"<p>H\u00e2kimler ve Savc\u0131lar Kurulu (HSK) Birinci Dairesi taraf\u0131ndan yay\u0131mlanan son kararnameyle 34 h\u00e2kim ve savc\u0131n\u0131n g\u00f6rev yeri de\u011fi\u015ftirildi. Kararname kapsam\u0131nda \u00f6zellikle Adalet Bakanl\u0131\u011f\u0131 merkez te\u015fkilat\u0131nda g\u00f6rev yapan tetkik h\u00e2kimleri ve daire ba\u015fkanlar\u0131n\u0131n \u00f6nemli bir b\u00f6l\u00fcm\u00fc, Yarg\u0131tay Cumhuriyet Savc\u0131l\u0131\u011f\u0131 ile B\u00f6lge Adliye Mahkemesi Cumhuriyet savc\u0131l\u0131klar\u0131na atand\u0131. Yap\u0131lan d\u00fczenlemeyle yarg\u0131 te\u015fkilat\u0131nda dikkat \u00e7eken bir g\u00f6rev da\u011f\u0131l\u0131m\u0131 ger\u00e7ekle\u015fti. [&hellip;]<\/p>\n","protected":false},"author":1,"featured_media":0,"comment_status":"open","ping_status":"open","sticky":false,"template":"","format":"standard","meta":{"footnotes":"","_links_to":"","_links_to_target":""},"categories":[1],"tags":[],"class_list":["post-27820","post","type-post","status-publish","format-standard","hentry","category-haberler"],"_links":{"self":[{"href":"https:\/\/www.abchukuk.com\/index.php\/wp-json\/wp\/v2\/posts\/27820","targetHints":{"allow":["GET"]}}],"collection":[{"href":"https:\/\/www.abchukuk.com\/index.php\/wp-json\/wp\/v2\/posts"}],"about":[{"href":"https:\/\/www.abchukuk.com\/index.php\/wp-json\/wp\/v2\/types\/post"}],"author":[{"embeddable":true,"href":"https:\/\/www.abchukuk.com\/index.php\/wp-json\/wp\/v2\/users\/1"}],"replies":[{"embeddable":true,"href":"https:\/\/www.abchukuk.com\/index.php\/wp-json\/wp\/v2\/comments?post=27820"}],"version-history":[{"count":0,"href":"https:\/\/www.abchukuk.com\/index.php\/wp-json\/wp\/v2\/posts\/27820\/revisions"}],"wp:attachment":[{"href":"https:\/\/www.abchukuk.com\/index.php\/wp-json\/wp\/v2\/media?parent=27820"}],"wp:term":[{"taxonomy":"category","embeddable":true,"href":"https:\/\/www.abchukuk.com\/index.php\/wp-json\/wp\/v2\/categories?post=27820"},{"taxonomy":"post_tag","embeddable":true,"href":"https:\/\/www.abchukuk.com\/index.php\/wp-json\/wp\/v2\/tags?post=27820"}],"curies":[{"name":"wp","href":"https:\/\/api.w.org\/{rel}","templated":true}]}}