{"id":27815,"date":"2026-04-29T09:30:17","date_gmt":"2026-04-29T09:30:17","guid":{"rendered":"https:\/\/www.abchukuk.com\/index.php\/2026\/04\/29\/adalet-bakani-gurlek-rojin-kabaisin-telefonu-icin-ekip-kurduk\/"},"modified":"2026-04-29T09:30:17","modified_gmt":"2026-04-29T09:30:17","slug":"adalet-bakani-gurlek-rojin-kabaisin-telefonu-icin-ekip-kurduk","status":"publish","type":"post","link":"https:\/\/www.abchukuk.com\/index.php\/2026\/04\/29\/adalet-bakani-gurlek-rojin-kabaisin-telefonu-icin-ekip-kurduk\/","title":{"rendered":"Adalet Bakan\u0131 G\u00fcrlek: Rojin Kabai\u015f&#8217;in telefonu i\u00e7in ekip kurduk"},"content":{"rendered":"<p>Adalet Bakan\u0131 Ak\u0131n G\u00fcrlek, AK Parti Grup Toplant\u0131s\u0131 \u00f6ncesinde gazetecilerin sorular\u0131n\u0131 yan\u0131tlad\u0131. Bakan G\u00fcrlek, Rojin Kabai\u015f&#8217;le ilgili &#8220;Rojin Kabai\u015f dosyas\u0131nda \u00f6zellikle \u00e7\u00f6z\u00fcm\u00fc i\u00e7in yurtd\u0131\u015f\u0131na g\u00f6nderilmi\u015fti. Yerli bir ekip kurduk, cep telefonunu \u00e7\u00f6zersek soru\u015fturma a\u015famas\u0131nda evre alaca\u011f\u0131m\u0131z\u0131 d\u00fc\u015f\u00fcn\u00fcyoruz&#8221; dedi.Adalet Bakan\u0131 Ak\u0131n G\u00fcrlek, AK Parti Grup Toplant\u0131s\u0131 \u00f6ncesinde gazetecilerin sorular\u0131n\u0131 yan\u0131tlad\u0131. Bakan G\u00fcrlek, Rojin Kabai\u015f&#8217;le ilgili &#8220;Rojin Kabai\u015f dosyas\u0131nda \u00f6zellikle \u00e7\u00f6z\u00fcm\u00fc i\u00e7in yurtd\u0131\u015f\u0131na g\u00f6nderilmi\u015fti. Yerli bir ekip kurduk, cep telefonunu \u00e7\u00f6zersek soru\u015fturma a\u015famas\u0131nda evre alaca\u011f\u0131m\u0131z\u0131 d\u00fc\u015f\u00fcn\u00fcyoruz&#8221; dedi.\u00a0<a href=\"https:\/\/anlatilaninotesi.com.tr\/20260429\/adalet-bakani-gurlek-rojin-kabaisin-telefonu-icin-ekip-kurduk-1105362425.html\" target=\"_blank\" class=\"feedzy-rss-link-icon\">Read More<\/a><\/p>","protected":false},"excerpt":{"rendered":"<p>Adalet Bakan\u0131 Ak\u0131n G\u00fcrlek, AK Parti Grup Toplant\u0131s\u0131 \u00f6ncesinde gazetecilerin sorular\u0131n\u0131 yan\u0131tlad\u0131. Bakan G\u00fcrlek, Rojin Kabai\u015f&#8217;le ilgili &#8220;Rojin Kabai\u015f dosyas\u0131nda \u00f6zellikle \u00e7\u00f6z\u00fcm\u00fc i\u00e7in yurtd\u0131\u015f\u0131na g\u00f6nderilmi\u015fti. Yerli bir ekip kurduk, cep telefonunu \u00e7\u00f6zersek soru\u015fturma a\u015famas\u0131nda evre alaca\u011f\u0131m\u0131z\u0131 d\u00fc\u015f\u00fcn\u00fcyoruz&#8221; dedi.Adalet Bakan\u0131 Ak\u0131n G\u00fcrlek, AK Parti Grup Toplant\u0131s\u0131 \u00f6ncesinde gazetecilerin sorular\u0131n\u0131 yan\u0131tlad\u0131. Bakan G\u00fcrlek, Rojin Kabai\u015f&#8217;le ilgili &#8220;Rojin [&hellip;]<\/p>\n","protected":false},"author":1,"featured_media":0,"comment_status":"open","ping_status":"open","sticky":false,"template":"","format":"standard","meta":{"footnotes":"","_links_to":"","_links_to_target":""},"categories":[1],"tags":[],"class_list":["post-27815","post","type-post","status-publish","format-standard","hentry","category-haberler"],"_links":{"self":[{"href":"https:\/\/www.abchukuk.com\/index.php\/wp-json\/wp\/v2\/posts\/27815","targetHints":{"allow":["GET"]}}],"collection":[{"href":"https:\/\/www.abchukuk.com\/index.php\/wp-json\/wp\/v2\/posts"}],"about":[{"href":"https:\/\/www.abchukuk.com\/index.php\/wp-json\/wp\/v2\/types\/post"}],"author":[{"embeddable":true,"href":"https:\/\/www.abchukuk.com\/index.php\/wp-json\/wp\/v2\/users\/1"}],"replies":[{"embeddable":true,"href":"https:\/\/www.abchukuk.com\/index.php\/wp-json\/wp\/v2\/comments?post=27815"}],"version-history":[{"count":0,"href":"https:\/\/www.abchukuk.com\/index.php\/wp-json\/wp\/v2\/posts\/27815\/revisions"}],"wp:attachment":[{"href":"https:\/\/www.abchukuk.com\/index.php\/wp-json\/wp\/v2\/media?parent=27815"}],"wp:term":[{"taxonomy":"category","embeddable":true,"href":"https:\/\/www.abchukuk.com\/index.php\/wp-json\/wp\/v2\/categories?post=27815"},{"taxonomy":"post_tag","embeddable":true,"href":"https:\/\/www.abchukuk.com\/index.php\/wp-json\/wp\/v2\/tags?post=27815"}],"curies":[{"name":"wp","href":"https:\/\/api.w.org\/{rel}","templated":true}]}}