{"id":27812,"date":"2026-04-29T09:55:24","date_gmt":"2026-04-29T09:55:24","guid":{"rendered":"https:\/\/www.abchukuk.com\/index.php\/2026\/04\/29\/ibb-davasinda-etkin-pismanlik-ifadesi-veren-adem-soytekine-capraz-sorgu\/"},"modified":"2026-04-29T09:55:24","modified_gmt":"2026-04-29T09:55:24","slug":"ibb-davasinda-etkin-pismanlik-ifadesi-veren-adem-soytekine-capraz-sorgu","status":"publish","type":"post","link":"https:\/\/www.abchukuk.com\/index.php\/2026\/04\/29\/ibb-davasinda-etkin-pismanlik-ifadesi-veren-adem-soytekine-capraz-sorgu\/","title":{"rendered":"\u0130BB davas\u0131nda etkin pi\u015fmanl\u0131k ifadesi veren Adem Soytekin&#8217;e \u00e7apraz sorgu"},"content":{"rendered":"<p>\u0130BB iddianamesinde ana san\u0131k olarak yarg\u0131lanan ve etkin pi\u015fmanl\u0131k ifadesi veren Adem Soytekin 28 Nisan&#8217;da Silivri&#8217;deki duru\u015fmada ilk kez hakim kar\u015f\u0131s\u0131na \u00e7\u0131kt\u0131.\u0130BB iddianamesinde ana san\u0131k olarak yarg\u0131lanan ve etkin pi\u015fmanl\u0131k ifadesi veren Adem Soytekin 28 Nisan&#8217;da Silivri&#8217;deki duru\u015fmada ilk kez hakim kar\u015f\u0131s\u0131na \u00e7\u0131kt\u0131.\u00a0<a href=\"https:\/\/www.bbc.com\/turkce\/articles\/clyp3xq4q33o?at_medium=RSS&amp;at_campaign=rss\" target=\"_blank\" class=\"feedzy-rss-link-icon\">Read More<\/a><\/p>","protected":false},"excerpt":{"rendered":"<p>\u0130BB iddianamesinde ana san\u0131k olarak yarg\u0131lanan ve etkin pi\u015fmanl\u0131k ifadesi veren Adem Soytekin 28 Nisan&#8217;da Silivri&#8217;deki duru\u015fmada ilk kez hakim kar\u015f\u0131s\u0131na \u00e7\u0131kt\u0131.\u0130BB iddianamesinde ana san\u0131k olarak yarg\u0131lanan ve etkin pi\u015fmanl\u0131k ifadesi veren Adem Soytekin 28 Nisan&#8217;da Silivri&#8217;deki duru\u015fmada ilk kez hakim kar\u015f\u0131s\u0131na \u00e7\u0131kt\u0131.\u00a0Read More<\/p>\n","protected":false},"author":1,"featured_media":27813,"comment_status":"open","ping_status":"open","sticky":false,"template":"","format":"standard","meta":{"footnotes":"","_links_to":"","_links_to_target":""},"categories":[1],"tags":[],"class_list":["post-27812","post","type-post","status-publish","format-standard","has-post-thumbnail","hentry","category-haberler"],"_links":{"self":[{"href":"https:\/\/www.abchukuk.com\/index.php\/wp-json\/wp\/v2\/posts\/27812","targetHints":{"allow":["GET"]}}],"collection":[{"href":"https:\/\/www.abchukuk.com\/index.php\/wp-json\/wp\/v2\/posts"}],"about":[{"href":"https:\/\/www.abchukuk.com\/index.php\/wp-json\/wp\/v2\/types\/post"}],"author":[{"embeddable":true,"href":"https:\/\/www.abchukuk.com\/index.php\/wp-json\/wp\/v2\/users\/1"}],"replies":[{"embeddable":true,"href":"https:\/\/www.abchukuk.com\/index.php\/wp-json\/wp\/v2\/comments?post=27812"}],"version-history":[{"count":0,"href":"https:\/\/www.abchukuk.com\/index.php\/wp-json\/wp\/v2\/posts\/27812\/revisions"}],"wp:featuredmedia":[{"embeddable":true,"href":"https:\/\/www.abchukuk.com\/index.php\/wp-json\/wp\/v2\/media\/27813"}],"wp:attachment":[{"href":"https:\/\/www.abchukuk.com\/index.php\/wp-json\/wp\/v2\/media?parent=27812"}],"wp:term":[{"taxonomy":"category","embeddable":true,"href":"https:\/\/www.abchukuk.com\/index.php\/wp-json\/wp\/v2\/categories?post=27812"},{"taxonomy":"post_tag","embeddable":true,"href":"https:\/\/www.abchukuk.com\/index.php\/wp-json\/wp\/v2\/tags?post=27812"}],"curies":[{"name":"wp","href":"https:\/\/api.w.org\/{rel}","templated":true}]}}