{"id":27810,"date":"2026-04-29T10:08:00","date_gmt":"2026-04-29T10:08:00","guid":{"rendered":"https:\/\/www.abchukuk.com\/index.php\/2026\/04\/29\/son-dakika-adalet-bakani-akin-gurlekten-gulistan-doku-aciklamasi-olayi-cozecek-kisi-umut-altas\/"},"modified":"2026-04-29T10:08:00","modified_gmt":"2026-04-29T10:08:00","slug":"son-dakika-adalet-bakani-akin-gurlekten-gulistan-doku-aciklamasi-olayi-cozecek-kisi-umut-altas","status":"publish","type":"post","link":"https:\/\/www.abchukuk.com\/index.php\/2026\/04\/29\/son-dakika-adalet-bakani-akin-gurlekten-gulistan-doku-aciklamasi-olayi-cozecek-kisi-umut-altas\/","title":{"rendered":"Son dakika&#8230; Adalet Bakan\u0131 Ak\u0131n G\u00fcrlek&#8217;ten G\u00fclistan Doku a\u00e7\u0131klamas\u0131: &#8216;Olay\u0131 \u00e7\u00f6zecek ki\u015fi Umut Alta\u015f&#8217;"},"content":{"rendered":"<p>Tunceli\u2019de 5 Ocak 2020\u2019den bu yana kendisinden haber al\u0131namayan G\u00fclistan Doku soru\u015fturmas\u0131na ili\u015fkin Adalet Bakan\u0131 Ak\u0131n G\u00fcrlek\u2019ten dikkat \u00e7eken a\u00e7\u0131klamalar geldi. Bakan G\u00fcrlek, dosyan\u0131n en kritik ismi olan Umut Alta\u015f hakk\u0131nda k\u0131rm\u0131z\u0131 b\u00fclten \u00e7\u0131kar\u0131ld\u0131\u011f\u0131n\u0131 ve ABD makamlar\u0131yla irtibata ge\u00e7ildi\u011fini duyurdu.Tunceli\u2019de 5 Ocak 2020\u2019den bu yana kendisinden haber al\u0131namayan G\u00fclistan Doku soru\u015fturmas\u0131na ili\u015fkin Adalet Bakan\u0131 Ak\u0131n G\u00fcrlek\u2019ten dikkat \u00e7eken a\u00e7\u0131klamalar geldi. Bakan G\u00fcrlek, dosyan\u0131n en kritik ismi olan Umut Alta\u015f hakk\u0131nda k\u0131rm\u0131z\u0131 b\u00fclten \u00e7\u0131kar\u0131ld\u0131\u011f\u0131n\u0131 ve ABD makamlar\u0131yla irtibata ge\u00e7ildi\u011fini duyurdu.\u00a0<a href=\"https:\/\/www.cumhuriyet.com.tr\/turkiye\/son-dakika-bakan-gurlek-ten-gulistan-doku-aciklamasi-olayi-cozecek-kisi-umut-altas-2499503\" target=\"_blank\" class=\"feedzy-rss-link-icon\">Read More<\/a><\/p>","protected":false},"excerpt":{"rendered":"<p>Tunceli\u2019de 5 Ocak 2020\u2019den bu yana kendisinden haber al\u0131namayan G\u00fclistan Doku soru\u015fturmas\u0131na ili\u015fkin Adalet Bakan\u0131 Ak\u0131n G\u00fcrlek\u2019ten dikkat \u00e7eken a\u00e7\u0131klamalar geldi. Bakan G\u00fcrlek, dosyan\u0131n en kritik ismi olan Umut Alta\u015f hakk\u0131nda k\u0131rm\u0131z\u0131 b\u00fclten \u00e7\u0131kar\u0131ld\u0131\u011f\u0131n\u0131 ve ABD makamlar\u0131yla irtibata ge\u00e7ildi\u011fini duyurdu.Tunceli\u2019de 5 Ocak 2020\u2019den bu yana kendisinden haber al\u0131namayan G\u00fclistan Doku soru\u015fturmas\u0131na ili\u015fkin Adalet Bakan\u0131 Ak\u0131n [&hellip;]<\/p>\n","protected":false},"author":1,"featured_media":27811,"comment_status":"open","ping_status":"open","sticky":false,"template":"","format":"standard","meta":{"footnotes":"","_links_to":"","_links_to_target":""},"categories":[1],"tags":[],"class_list":["post-27810","post","type-post","status-publish","format-standard","has-post-thumbnail","hentry","category-haberler"],"_links":{"self":[{"href":"https:\/\/www.abchukuk.com\/index.php\/wp-json\/wp\/v2\/posts\/27810","targetHints":{"allow":["GET"]}}],"collection":[{"href":"https:\/\/www.abchukuk.com\/index.php\/wp-json\/wp\/v2\/posts"}],"about":[{"href":"https:\/\/www.abchukuk.com\/index.php\/wp-json\/wp\/v2\/types\/post"}],"author":[{"embeddable":true,"href":"https:\/\/www.abchukuk.com\/index.php\/wp-json\/wp\/v2\/users\/1"}],"replies":[{"embeddable":true,"href":"https:\/\/www.abchukuk.com\/index.php\/wp-json\/wp\/v2\/comments?post=27810"}],"version-history":[{"count":0,"href":"https:\/\/www.abchukuk.com\/index.php\/wp-json\/wp\/v2\/posts\/27810\/revisions"}],"wp:featuredmedia":[{"embeddable":true,"href":"https:\/\/www.abchukuk.com\/index.php\/wp-json\/wp\/v2\/media\/27811"}],"wp:attachment":[{"href":"https:\/\/www.abchukuk.com\/index.php\/wp-json\/wp\/v2\/media?parent=27810"}],"wp:term":[{"taxonomy":"category","embeddable":true,"href":"https:\/\/www.abchukuk.com\/index.php\/wp-json\/wp\/v2\/categories?post=27810"},{"taxonomy":"post_tag","embeddable":true,"href":"https:\/\/www.abchukuk.com\/index.php\/wp-json\/wp\/v2\/tags?post=27810"}],"curies":[{"name":"wp","href":"https:\/\/api.w.org\/{rel}","templated":true}]}}