{"id":27803,"date":"2026-04-29T08:39:00","date_gmt":"2026-04-29T08:39:00","guid":{"rendered":"https:\/\/www.abchukuk.com\/index.php\/2026\/04\/29\/cumhuriyet-silivriden-bildiriyor-aziz-ihsan-aktas-davasi-avukat-savunmalariyla-devam-ediyor\/"},"modified":"2026-04-29T08:39:00","modified_gmt":"2026-04-29T08:39:00","slug":"cumhuriyet-silivriden-bildiriyor-aziz-ihsan-aktas-davasi-avukat-savunmalariyla-devam-ediyor","status":"publish","type":"post","link":"https:\/\/www.abchukuk.com\/index.php\/2026\/04\/29\/cumhuriyet-silivriden-bildiriyor-aziz-ihsan-aktas-davasi-avukat-savunmalariyla-devam-ediyor\/","title":{"rendered":"Cumhuriyet Silivri&#8217;den bildiriyor&#8230; Aziz \u0130hsan Akta\u015f davas\u0131, avukat savunmalar\u0131yla devam ediyor"},"content":{"rendered":"<p>Aziz \u0130hsan Akta\u015f davas\u0131n\u0131n ikinci celsesine devam ediliyor. Bug\u00fcnk\u00fc duru\u015fmaya, hakk\u0131nda 704 y\u0131la kadar hapis cezas\u0131 istenmesine kar\u015f\u0131n tutuksuz yarg\u0131lanan Aziz \u0130hsan Akta\u015f kat\u0131lmad\u0131. Cumhuriyet Silivri&#8217;de g\u00f6r\u00fclen davadan geli\u015fmeleri bildiriyor&#8230;Aziz \u0130hsan Akta\u015f davas\u0131n\u0131n ikinci celsesine devam ediliyor. Bug\u00fcnk\u00fc duru\u015fmaya, hakk\u0131nda 704 y\u0131la kadar hapis cezas\u0131 istenmesine kar\u015f\u0131n tutuksuz yarg\u0131lanan Aziz \u0130hsan Akta\u015f kat\u0131lmad\u0131. Cumhuriyet Silivri&#8217;de g\u00f6r\u00fclen davadan geli\u015fmeleri bildiriyor&#8230;\u00a0<a href=\"https:\/\/www.cumhuriyet.com.tr\/turkiye\/aziz-ihsan-aktas-davasi-avukat-savunmalariyla-devam-ediyor-2499474\" target=\"_blank\" class=\"feedzy-rss-link-icon\">Read More<\/a><\/p>","protected":false},"excerpt":{"rendered":"<p>Aziz \u0130hsan Akta\u015f davas\u0131n\u0131n ikinci celsesine devam ediliyor. Bug\u00fcnk\u00fc duru\u015fmaya, hakk\u0131nda 704 y\u0131la kadar hapis cezas\u0131 istenmesine kar\u015f\u0131n tutuksuz yarg\u0131lanan Aziz \u0130hsan Akta\u015f kat\u0131lmad\u0131. Cumhuriyet Silivri&#8217;de g\u00f6r\u00fclen davadan geli\u015fmeleri bildiriyor&#8230;Aziz \u0130hsan Akta\u015f davas\u0131n\u0131n ikinci celsesine devam ediliyor. Bug\u00fcnk\u00fc duru\u015fmaya, hakk\u0131nda 704 y\u0131la kadar hapis cezas\u0131 istenmesine kar\u015f\u0131n tutuksuz yarg\u0131lanan Aziz \u0130hsan Akta\u015f kat\u0131lmad\u0131. Cumhuriyet Silivri&#8217;de [&hellip;]<\/p>\n","protected":false},"author":1,"featured_media":27804,"comment_status":"open","ping_status":"open","sticky":false,"template":"","format":"standard","meta":{"footnotes":"","_links_to":"","_links_to_target":""},"categories":[1],"tags":[],"class_list":["post-27803","post","type-post","status-publish","format-standard","has-post-thumbnail","hentry","category-haberler"],"_links":{"self":[{"href":"https:\/\/www.abchukuk.com\/index.php\/wp-json\/wp\/v2\/posts\/27803","targetHints":{"allow":["GET"]}}],"collection":[{"href":"https:\/\/www.abchukuk.com\/index.php\/wp-json\/wp\/v2\/posts"}],"about":[{"href":"https:\/\/www.abchukuk.com\/index.php\/wp-json\/wp\/v2\/types\/post"}],"author":[{"embeddable":true,"href":"https:\/\/www.abchukuk.com\/index.php\/wp-json\/wp\/v2\/users\/1"}],"replies":[{"embeddable":true,"href":"https:\/\/www.abchukuk.com\/index.php\/wp-json\/wp\/v2\/comments?post=27803"}],"version-history":[{"count":0,"href":"https:\/\/www.abchukuk.com\/index.php\/wp-json\/wp\/v2\/posts\/27803\/revisions"}],"wp:featuredmedia":[{"embeddable":true,"href":"https:\/\/www.abchukuk.com\/index.php\/wp-json\/wp\/v2\/media\/27804"}],"wp:attachment":[{"href":"https:\/\/www.abchukuk.com\/index.php\/wp-json\/wp\/v2\/media?parent=27803"}],"wp:term":[{"taxonomy":"category","embeddable":true,"href":"https:\/\/www.abchukuk.com\/index.php\/wp-json\/wp\/v2\/categories?post=27803"},{"taxonomy":"post_tag","embeddable":true,"href":"https:\/\/www.abchukuk.com\/index.php\/wp-json\/wp\/v2\/tags?post=27803"}],"curies":[{"name":"wp","href":"https:\/\/api.w.org\/{rel}","templated":true}]}}