{"id":27793,"date":"2026-04-29T07:53:00","date_gmt":"2026-04-29T07:53:00","guid":{"rendered":"https:\/\/www.abchukuk.com\/index.php\/2026\/04\/29\/guney-korede-sikiyonetim-krizi-eski-devlet-baskani-ve-esine-hapis-cezasi\/"},"modified":"2026-04-29T07:53:00","modified_gmt":"2026-04-29T07:53:00","slug":"guney-korede-sikiyonetim-krizi-eski-devlet-baskani-ve-esine-hapis-cezasi","status":"publish","type":"post","link":"https:\/\/www.abchukuk.com\/index.php\/2026\/04\/29\/guney-korede-sikiyonetim-krizi-eski-devlet-baskani-ve-esine-hapis-cezasi\/","title":{"rendered":"G\u00fcney Kore&#8217;de s\u0131k\u0131y\u00f6netim krizi: Eski devlet ba\u015fkan\u0131 ve e\u015fine hapis cezas\u0131"},"content":{"rendered":"<p>G\u00fcney Kore\u2019de siyasi kriz derinle\u015fiyor\u2026 Eski Devlet Ba\u015fkan\u0131 Yoon Suk Yeol, s\u0131k\u0131y\u00f6netim sonras\u0131 y\u00fcr\u00fct\u00fclen soru\u015fturmay\u0131 engelledi\u011fi gerek\u00e7esiyle 7 y\u0131l hapis cezas\u0131na \u00e7arpt\u0131r\u0131ld\u0131. E\u015fi Kim Keon Hee\u2019nin yolsuzluk davas\u0131ndaki cezas\u0131 da 4 y\u0131la \u00e7\u0131kar\u0131ld\u0131.G\u00fcney Kore\u2019de siyasi kriz derinle\u015fiyor\u2026 Eski Devlet Ba\u015fkan\u0131 Yoon Suk Yeol, s\u0131k\u0131y\u00f6netim sonras\u0131 y\u00fcr\u00fct\u00fclen soru\u015fturmay\u0131 engelledi\u011fi gerek\u00e7esiyle 7 y\u0131l hapis cezas\u0131na \u00e7arpt\u0131r\u0131ld\u0131. E\u015fi Kim Keon Hee\u2019nin yolsuzluk davas\u0131ndaki cezas\u0131 da 4 y\u0131la \u00e7\u0131kar\u0131ld\u0131.\u00a0<a href=\"https:\/\/www.cumhuriyet.com.tr\/dunya\/guney-kore-de-sikiyonetim-krizi-eski-devlet-baskani-ve-esine-hapis-cezasi-2499459\" target=\"_blank\" class=\"feedzy-rss-link-icon\">Read More<\/a><\/p>","protected":false},"excerpt":{"rendered":"<p>G\u00fcney Kore\u2019de siyasi kriz derinle\u015fiyor\u2026 Eski Devlet Ba\u015fkan\u0131 Yoon Suk Yeol, s\u0131k\u0131y\u00f6netim sonras\u0131 y\u00fcr\u00fct\u00fclen soru\u015fturmay\u0131 engelledi\u011fi gerek\u00e7esiyle 7 y\u0131l hapis cezas\u0131na \u00e7arpt\u0131r\u0131ld\u0131. E\u015fi Kim Keon Hee\u2019nin yolsuzluk davas\u0131ndaki cezas\u0131 da 4 y\u0131la \u00e7\u0131kar\u0131ld\u0131.G\u00fcney Kore\u2019de siyasi kriz derinle\u015fiyor\u2026 Eski Devlet Ba\u015fkan\u0131 Yoon Suk Yeol, s\u0131k\u0131y\u00f6netim sonras\u0131 y\u00fcr\u00fct\u00fclen soru\u015fturmay\u0131 engelledi\u011fi gerek\u00e7esiyle 7 y\u0131l hapis cezas\u0131na \u00e7arpt\u0131r\u0131ld\u0131. E\u015fi [&hellip;]<\/p>\n","protected":false},"author":1,"featured_media":27795,"comment_status":"open","ping_status":"open","sticky":false,"template":"","format":"standard","meta":{"footnotes":"","_links_to":"","_links_to_target":""},"categories":[1],"tags":[],"class_list":["post-27793","post","type-post","status-publish","format-standard","has-post-thumbnail","hentry","category-haberler"],"_links":{"self":[{"href":"https:\/\/www.abchukuk.com\/index.php\/wp-json\/wp\/v2\/posts\/27793","targetHints":{"allow":["GET"]}}],"collection":[{"href":"https:\/\/www.abchukuk.com\/index.php\/wp-json\/wp\/v2\/posts"}],"about":[{"href":"https:\/\/www.abchukuk.com\/index.php\/wp-json\/wp\/v2\/types\/post"}],"author":[{"embeddable":true,"href":"https:\/\/www.abchukuk.com\/index.php\/wp-json\/wp\/v2\/users\/1"}],"replies":[{"embeddable":true,"href":"https:\/\/www.abchukuk.com\/index.php\/wp-json\/wp\/v2\/comments?post=27793"}],"version-history":[{"count":0,"href":"https:\/\/www.abchukuk.com\/index.php\/wp-json\/wp\/v2\/posts\/27793\/revisions"}],"wp:featuredmedia":[{"embeddable":true,"href":"https:\/\/www.abchukuk.com\/index.php\/wp-json\/wp\/v2\/media\/27795"}],"wp:attachment":[{"href":"https:\/\/www.abchukuk.com\/index.php\/wp-json\/wp\/v2\/media?parent=27793"}],"wp:term":[{"taxonomy":"category","embeddable":true,"href":"https:\/\/www.abchukuk.com\/index.php\/wp-json\/wp\/v2\/categories?post=27793"},{"taxonomy":"post_tag","embeddable":true,"href":"https:\/\/www.abchukuk.com\/index.php\/wp-json\/wp\/v2\/tags?post=27793"}],"curies":[{"name":"wp","href":"https:\/\/api.w.org\/{rel}","templated":true}]}}