{"id":27790,"date":"2026-04-28T21:18:38","date_gmt":"2026-04-28T21:18:38","guid":{"rendered":"https:\/\/www.abchukuk.com\/index.php\/2026\/04\/28\/12-yargi-paketi-ne-zaman-cikacak-5\/"},"modified":"2026-04-28T21:18:38","modified_gmt":"2026-04-28T21:18:38","slug":"12-yargi-paketi-ne-zaman-cikacak-5","status":"publish","type":"post","link":"https:\/\/www.abchukuk.com\/index.php\/2026\/04\/28\/12-yargi-paketi-ne-zaman-cikacak-5\/","title":{"rendered":"12. Yarg\u0131 Paketi ne zaman \u00e7\u0131kacak?"},"content":{"rendered":"<p>12. Yarg\u0131 Paketi\u2019ne ili\u015fkin son dakika geli\u015fmeleri kamuoyunun yak\u0131n takibinde bulunuyor. Adalet Bakanl\u0131\u011f\u0131 taraf\u0131ndan teknik haz\u0131rl\u0131klar\u0131 tamamlanan d\u00fczenlemenin k\u0131sa s\u00fcre i\u00e7inde Meclis g\u00fcndemine gelmesi bekleniyor. Yeni paket, yarg\u0131 s\u00fcre\u00e7lerinin daha h\u0131zl\u0131 i\u015flemesini sa\u011flamak ve hak kay\u0131plar\u0131n\u0131 \u00f6nlemek amac\u0131yla geni\u015f kapsaml\u0131 de\u011fi\u015fiklikler i\u00e7eriyor. Peki 12. Yarg\u0131 Paketi onayland\u0131 m\u0131, ne zaman \u00e7\u0131kacak? Af gelecek mi? T\u00fcm detaylar haberimizde.12. Yarg\u0131 Paketi\u2019ne ili\u015fkin son dakika geli\u015fmeleri kamuoyunun yak\u0131n takibinde bulunuyor. Adalet Bakanl\u0131\u011f\u0131 taraf\u0131ndan teknik haz\u0131rl\u0131klar\u0131 tamamlanan d\u00fczenlemenin k\u0131sa s\u00fcre i\u00e7inde Meclis g\u00fcndemine gelmesi bekleniyor. Yeni paket, yarg\u0131 s\u00fcre\u00e7lerinin daha h\u0131zl\u0131 i\u015flemesini sa\u011flamak ve hak kay\u0131plar\u0131n\u0131 \u00f6nlemek amac\u0131yla geni\u015f kapsaml\u0131 de\u011fi\u015fiklikler i\u00e7eriyor. Peki 12. Yarg\u0131 Paketi onayland\u0131 m\u0131, ne zaman \u00e7\u0131kacak? Af gelecek mi? T\u00fcm detaylar haberimizde.\u00a0<a href=\"https:\/\/www.haberturk.com\/12-yargi-paketi-maddeleri-12-yargi-paketi-meclis-ten-gecti-mi-ne-zaman-cikacak-genel-af-cikacak-mi-3880749\" target=\"_blank\" class=\"feedzy-rss-link-icon\">Read More<\/a><\/p>","protected":false},"excerpt":{"rendered":"<p>12. Yarg\u0131 Paketi\u2019ne ili\u015fkin son dakika geli\u015fmeleri kamuoyunun yak\u0131n takibinde bulunuyor. Adalet Bakanl\u0131\u011f\u0131 taraf\u0131ndan teknik haz\u0131rl\u0131klar\u0131 tamamlanan d\u00fczenlemenin k\u0131sa s\u00fcre i\u00e7inde Meclis g\u00fcndemine gelmesi bekleniyor. Yeni paket, yarg\u0131 s\u00fcre\u00e7lerinin daha h\u0131zl\u0131 i\u015flemesini sa\u011flamak ve hak kay\u0131plar\u0131n\u0131 \u00f6nlemek amac\u0131yla geni\u015f kapsaml\u0131 de\u011fi\u015fiklikler i\u00e7eriyor. Peki 12. Yarg\u0131 Paketi onayland\u0131 m\u0131, ne zaman \u00e7\u0131kacak? Af gelecek mi? T\u00fcm [&hellip;]<\/p>\n","protected":false},"author":1,"featured_media":0,"comment_status":"open","ping_status":"open","sticky":false,"template":"","format":"standard","meta":{"footnotes":"","_links_to":"","_links_to_target":""},"categories":[1],"tags":[],"class_list":["post-27790","post","type-post","status-publish","format-standard","hentry","category-haberler"],"_links":{"self":[{"href":"https:\/\/www.abchukuk.com\/index.php\/wp-json\/wp\/v2\/posts\/27790","targetHints":{"allow":["GET"]}}],"collection":[{"href":"https:\/\/www.abchukuk.com\/index.php\/wp-json\/wp\/v2\/posts"}],"about":[{"href":"https:\/\/www.abchukuk.com\/index.php\/wp-json\/wp\/v2\/types\/post"}],"author":[{"embeddable":true,"href":"https:\/\/www.abchukuk.com\/index.php\/wp-json\/wp\/v2\/users\/1"}],"replies":[{"embeddable":true,"href":"https:\/\/www.abchukuk.com\/index.php\/wp-json\/wp\/v2\/comments?post=27790"}],"version-history":[{"count":0,"href":"https:\/\/www.abchukuk.com\/index.php\/wp-json\/wp\/v2\/posts\/27790\/revisions"}],"wp:attachment":[{"href":"https:\/\/www.abchukuk.com\/index.php\/wp-json\/wp\/v2\/media?parent=27790"}],"wp:term":[{"taxonomy":"category","embeddable":true,"href":"https:\/\/www.abchukuk.com\/index.php\/wp-json\/wp\/v2\/categories?post=27790"},{"taxonomy":"post_tag","embeddable":true,"href":"https:\/\/www.abchukuk.com\/index.php\/wp-json\/wp\/v2\/tags?post=27790"}],"curies":[{"name":"wp","href":"https:\/\/api.w.org\/{rel}","templated":true}]}}