{"id":27787,"date":"2026-04-29T06:18:32","date_gmt":"2026-04-29T06:18:32","guid":{"rendered":"https:\/\/www.abchukuk.com\/index.php\/2026\/04\/29\/tapuda-elden-odeme-donemi-sona-eriyor-resmi-gazetede-yayimlandi\/"},"modified":"2026-04-29T06:18:32","modified_gmt":"2026-04-29T06:18:32","slug":"tapuda-elden-odeme-donemi-sona-eriyor-resmi-gazetede-yayimlandi","status":"publish","type":"post","link":"https:\/\/www.abchukuk.com\/index.php\/2026\/04\/29\/tapuda-elden-odeme-donemi-sona-eriyor-resmi-gazetede-yayimlandi\/","title":{"rendered":"Tapuda elden \u00f6deme d\u00f6nemi sona eriyor: Resmi Gazete&#8217;de yay\u0131mland\u0131"},"content":{"rendered":"<p>Ticaret Bakanl\u0131\u011f\u0131, ta\u015f\u0131nmaz sat\u0131\u015flar\u0131nda g\u00fcvenli\u011fi art\u0131rmak i\u00e7in \u00f6nemli bir ad\u0131m att\u0131. 1 Temmuz\u2019dan itibaren tapu i\u015flemlerinde elden \u00f6deme d\u00f6nemi sona erecek. G\u00fcvenli \u00d6deme Sistemi zorunlu hale gelirken, sat\u0131\u015f bedeli tapu devri tamamlanana kadar sistemde bloke edilecek.Ticaret Bakanl\u0131\u011f\u0131, ta\u015f\u0131nmaz sat\u0131\u015flar\u0131nda g\u00fcvenli\u011fi art\u0131rmak i\u00e7in \u00f6nemli bir ad\u0131m att\u0131. 1 Temmuz\u2019dan itibaren tapu i\u015flemlerinde elden \u00f6deme d\u00f6nemi sona erecek. G\u00fcvenli \u00d6deme Sistemi zorunlu hale gelirken, sat\u0131\u015f bedeli tapu devri tamamlanana kadar sistemde bloke edilecek.\u00a0<a href=\"https:\/\/anlatilaninotesi.com.tr\/20260429\/tapuda-elden-odeme-donemi-sona-eriyor-resmi-gazetede-yayimlandi-1105353336.html\" target=\"_blank\" class=\"feedzy-rss-link-icon\">Read More<\/a><\/p>","protected":false},"excerpt":{"rendered":"<p>Ticaret Bakanl\u0131\u011f\u0131, ta\u015f\u0131nmaz sat\u0131\u015flar\u0131nda g\u00fcvenli\u011fi art\u0131rmak i\u00e7in \u00f6nemli bir ad\u0131m att\u0131. 1 Temmuz\u2019dan itibaren tapu i\u015flemlerinde elden \u00f6deme d\u00f6nemi sona erecek. G\u00fcvenli \u00d6deme Sistemi zorunlu hale gelirken, sat\u0131\u015f bedeli tapu devri tamamlanana kadar sistemde bloke edilecek.Ticaret Bakanl\u0131\u011f\u0131, ta\u015f\u0131nmaz sat\u0131\u015flar\u0131nda g\u00fcvenli\u011fi art\u0131rmak i\u00e7in \u00f6nemli bir ad\u0131m att\u0131. 1 Temmuz\u2019dan itibaren tapu i\u015flemlerinde elden \u00f6deme d\u00f6nemi sona [&hellip;]<\/p>\n","protected":false},"author":1,"featured_media":0,"comment_status":"open","ping_status":"open","sticky":false,"template":"","format":"standard","meta":{"footnotes":"","_links_to":"","_links_to_target":""},"categories":[1],"tags":[],"class_list":["post-27787","post","type-post","status-publish","format-standard","hentry","category-haberler"],"_links":{"self":[{"href":"https:\/\/www.abchukuk.com\/index.php\/wp-json\/wp\/v2\/posts\/27787","targetHints":{"allow":["GET"]}}],"collection":[{"href":"https:\/\/www.abchukuk.com\/index.php\/wp-json\/wp\/v2\/posts"}],"about":[{"href":"https:\/\/www.abchukuk.com\/index.php\/wp-json\/wp\/v2\/types\/post"}],"author":[{"embeddable":true,"href":"https:\/\/www.abchukuk.com\/index.php\/wp-json\/wp\/v2\/users\/1"}],"replies":[{"embeddable":true,"href":"https:\/\/www.abchukuk.com\/index.php\/wp-json\/wp\/v2\/comments?post=27787"}],"version-history":[{"count":0,"href":"https:\/\/www.abchukuk.com\/index.php\/wp-json\/wp\/v2\/posts\/27787\/revisions"}],"wp:attachment":[{"href":"https:\/\/www.abchukuk.com\/index.php\/wp-json\/wp\/v2\/media?parent=27787"}],"wp:term":[{"taxonomy":"category","embeddable":true,"href":"https:\/\/www.abchukuk.com\/index.php\/wp-json\/wp\/v2\/categories?post=27787"},{"taxonomy":"post_tag","embeddable":true,"href":"https:\/\/www.abchukuk.com\/index.php\/wp-json\/wp\/v2\/tags?post=27787"}],"curies":[{"name":"wp","href":"https:\/\/api.w.org\/{rel}","templated":true}]}}