{"id":27784,"date":"2026-04-29T06:40:33","date_gmt":"2026-04-29T06:40:33","guid":{"rendered":"https:\/\/www.abchukuk.com\/index.php\/2026\/04\/29\/sifir-aracta-gizli-ayip-karari-mahkeme-degisim-dedi\/"},"modified":"2026-04-29T06:40:33","modified_gmt":"2026-04-29T06:40:33","slug":"sifir-aracta-gizli-ayip-karari-mahkeme-degisim-dedi","status":"publish","type":"post","link":"https:\/\/www.abchukuk.com\/index.php\/2026\/04\/29\/sifir-aracta-gizli-ayip-karari-mahkeme-degisim-dedi\/","title":{"rendered":"S\u0131f\u0131r ara\u00e7ta &#8216;gizli ay\u0131p&#8217; karar\u0131: Mahkeme &#8216;de\u011fi\u015fim&#8217; dedi"},"content":{"rendered":"<p>\u0130stanbul\u2019da sat\u0131n ald\u0131\u011f\u0131 s\u0131f\u0131r kilometre ara\u00e7ta ya\u015fad\u0131\u011f\u0131 ciddi ar\u0131zalar nedeniyle dava a\u00e7an t\u00fcketici, mahkemeden emsal niteli\u011finde karar ald\u0131. Bilirki\u015fi raporuyla \u201cgizli ay\u0131pl\u0131\u201d oldu\u011fu belirlenen arac\u0131n, ay\u0131ps\u0131z misliyle de\u011fi\u015ftirilmesine h\u00fckmedildi.\u0130stanbul\u2019da sat\u0131n ald\u0131\u011f\u0131 s\u0131f\u0131r kilometre ara\u00e7ta ya\u015fad\u0131\u011f\u0131 ciddi ar\u0131zalar nedeniyle dava a\u00e7an t\u00fcketici, mahkemeden emsal niteli\u011finde karar ald\u0131. Bilirki\u015fi raporuyla \u201cgizli ay\u0131pl\u0131\u201d oldu\u011fu belirlenen arac\u0131n, ay\u0131ps\u0131z misliyle de\u011fi\u015ftirilmesine h\u00fckmedildi.\u00a0<a href=\"https:\/\/anlatilaninotesi.com.tr\/20260429\/sifir-aracta-gizli-ayip-karari-mahkeme-degisim-dedi-1105354490.html\" target=\"_blank\" class=\"feedzy-rss-link-icon\">Read More<\/a><\/p>","protected":false},"excerpt":{"rendered":"<p>\u0130stanbul\u2019da sat\u0131n ald\u0131\u011f\u0131 s\u0131f\u0131r kilometre ara\u00e7ta ya\u015fad\u0131\u011f\u0131 ciddi ar\u0131zalar nedeniyle dava a\u00e7an t\u00fcketici, mahkemeden emsal niteli\u011finde karar ald\u0131. Bilirki\u015fi raporuyla \u201cgizli ay\u0131pl\u0131\u201d oldu\u011fu belirlenen arac\u0131n, ay\u0131ps\u0131z misliyle de\u011fi\u015ftirilmesine h\u00fckmedildi.\u0130stanbul\u2019da sat\u0131n ald\u0131\u011f\u0131 s\u0131f\u0131r kilometre ara\u00e7ta ya\u015fad\u0131\u011f\u0131 ciddi ar\u0131zalar nedeniyle dava a\u00e7an t\u00fcketici, mahkemeden emsal niteli\u011finde karar ald\u0131. Bilirki\u015fi raporuyla \u201cgizli ay\u0131pl\u0131\u201d oldu\u011fu belirlenen arac\u0131n, ay\u0131ps\u0131z misliyle [&hellip;]<\/p>\n","protected":false},"author":1,"featured_media":0,"comment_status":"open","ping_status":"open","sticky":false,"template":"","format":"standard","meta":{"footnotes":"","_links_to":"","_links_to_target":""},"categories":[1],"tags":[],"class_list":["post-27784","post","type-post","status-publish","format-standard","hentry","category-haberler"],"_links":{"self":[{"href":"https:\/\/www.abchukuk.com\/index.php\/wp-json\/wp\/v2\/posts\/27784","targetHints":{"allow":["GET"]}}],"collection":[{"href":"https:\/\/www.abchukuk.com\/index.php\/wp-json\/wp\/v2\/posts"}],"about":[{"href":"https:\/\/www.abchukuk.com\/index.php\/wp-json\/wp\/v2\/types\/post"}],"author":[{"embeddable":true,"href":"https:\/\/www.abchukuk.com\/index.php\/wp-json\/wp\/v2\/users\/1"}],"replies":[{"embeddable":true,"href":"https:\/\/www.abchukuk.com\/index.php\/wp-json\/wp\/v2\/comments?post=27784"}],"version-history":[{"count":0,"href":"https:\/\/www.abchukuk.com\/index.php\/wp-json\/wp\/v2\/posts\/27784\/revisions"}],"wp:attachment":[{"href":"https:\/\/www.abchukuk.com\/index.php\/wp-json\/wp\/v2\/media?parent=27784"}],"wp:term":[{"taxonomy":"category","embeddable":true,"href":"https:\/\/www.abchukuk.com\/index.php\/wp-json\/wp\/v2\/categories?post=27784"},{"taxonomy":"post_tag","embeddable":true,"href":"https:\/\/www.abchukuk.com\/index.php\/wp-json\/wp\/v2\/tags?post=27784"}],"curies":[{"name":"wp","href":"https:\/\/api.w.org\/{rel}","templated":true}]}}