{"id":2778,"date":"2025-08-29T10:00:15","date_gmt":"2025-08-29T10:00:15","guid":{"rendered":"http:\/\/www.lopsssdoner.com\/index.php\/2025\/08\/29\/ermenistanin-avusturya-konsolosu-azerbaycan-adina-calistigi-suphesiyle-gozaltina-alindi\/"},"modified":"2025-08-29T10:00:15","modified_gmt":"2025-08-29T10:00:15","slug":"ermenistanin-avusturya-konsolosu-azerbaycan-adina-calistigi-suphesiyle-gozaltina-alindi","status":"publish","type":"post","link":"https:\/\/www.abchukuk.com\/index.php\/2025\/08\/29\/ermenistanin-avusturya-konsolosu-azerbaycan-adina-calistigi-suphesiyle-gozaltina-alindi\/","title":{"rendered":"Ermenistan\u2019\u0131n Avusturya Konsolosu, Azerbaycan ad\u0131na \u00e7al\u0131\u015ft\u0131\u011f\u0131 \u015f\u00fcphesiyle g\u00f6zalt\u0131na al\u0131nd\u0131"},"content":{"rendered":"<p>Azerbaycan ad\u0131na casusluk yapt\u0131\u011f\u0131 iddia edilen Aleksanyan, Erivan havaalan\u0131nda g\u00f6zalt\u0131na al\u0131nd\u0131. Ermenistan D\u0131\u015fi\u015fleri Bakanl\u0131\u011f\u0131 binas\u0131nda arama yap\u0131l\u0131rken a\u00e7\u0131k kaynaklardan Aleksanyan\u2019\u0131n konsolos oldu\u011fu y\u00f6n\u00fcndeki bilgiler kald\u0131r\u0131ld\u0131.Azerbaycan ad\u0131na casusluk yapt\u0131\u011f\u0131 iddia edilen Aleksanyan, Erivan havaalan\u0131nda g\u00f6zalt\u0131na al\u0131nd\u0131. Ermenistan D\u0131\u015fi\u015fleri Bakanl\u0131\u011f\u0131 binas\u0131nda arama yap\u0131l\u0131rken a\u00e7\u0131k kaynaklardan Aleksanyan\u2019\u0131n konsolos oldu\u011fu y\u00f6n\u00fcndeki bilgiler kald\u0131r\u0131ld\u0131.\u00a0<a href=\"https:\/\/anlatilaninotesi.com.tr\/20250829\/ermenistanin-avusturya-konsolosu-azerbaycan-adina-calistigi-suphesiyle-gozaltina-alindi-1098916340.html\" target=\"_blank\" class=\"feedzy-rss-link-icon\">Read More<\/a><\/p>","protected":false},"excerpt":{"rendered":"<p>Azerbaycan ad\u0131na casusluk yapt\u0131\u011f\u0131 iddia edilen Aleksanyan, Erivan havaalan\u0131nda g\u00f6zalt\u0131na al\u0131nd\u0131. Ermenistan D\u0131\u015fi\u015fleri Bakanl\u0131\u011f\u0131 binas\u0131nda arama yap\u0131l\u0131rken a\u00e7\u0131k kaynaklardan Aleksanyan\u2019\u0131n konsolos oldu\u011fu y\u00f6n\u00fcndeki bilgiler kald\u0131r\u0131ld\u0131.Azerbaycan ad\u0131na casusluk yapt\u0131\u011f\u0131 iddia edilen Aleksanyan, Erivan havaalan\u0131nda g\u00f6zalt\u0131na al\u0131nd\u0131. Ermenistan D\u0131\u015fi\u015fleri Bakanl\u0131\u011f\u0131 binas\u0131nda arama yap\u0131l\u0131rken a\u00e7\u0131k kaynaklardan Aleksanyan\u2019\u0131n konsolos oldu\u011fu y\u00f6n\u00fcndeki bilgiler kald\u0131r\u0131ld\u0131.\u00a0Read More<\/p>\n","protected":false},"author":1,"featured_media":2779,"comment_status":"open","ping_status":"open","sticky":false,"template":"","format":"standard","meta":{"footnotes":"","_links_to":"","_links_to_target":""},"categories":[1],"tags":[],"class_list":["post-2778","post","type-post","status-publish","format-standard","has-post-thumbnail","hentry","category-haberler"],"_links":{"self":[{"href":"https:\/\/www.abchukuk.com\/index.php\/wp-json\/wp\/v2\/posts\/2778","targetHints":{"allow":["GET"]}}],"collection":[{"href":"https:\/\/www.abchukuk.com\/index.php\/wp-json\/wp\/v2\/posts"}],"about":[{"href":"https:\/\/www.abchukuk.com\/index.php\/wp-json\/wp\/v2\/types\/post"}],"author":[{"embeddable":true,"href":"https:\/\/www.abchukuk.com\/index.php\/wp-json\/wp\/v2\/users\/1"}],"replies":[{"embeddable":true,"href":"https:\/\/www.abchukuk.com\/index.php\/wp-json\/wp\/v2\/comments?post=2778"}],"version-history":[{"count":0,"href":"https:\/\/www.abchukuk.com\/index.php\/wp-json\/wp\/v2\/posts\/2778\/revisions"}],"wp:featuredmedia":[{"embeddable":true,"href":"https:\/\/www.abchukuk.com\/index.php\/wp-json\/wp\/v2\/media\/2779"}],"wp:attachment":[{"href":"https:\/\/www.abchukuk.com\/index.php\/wp-json\/wp\/v2\/media?parent=2778"}],"wp:term":[{"taxonomy":"category","embeddable":true,"href":"https:\/\/www.abchukuk.com\/index.php\/wp-json\/wp\/v2\/categories?post=2778"},{"taxonomy":"post_tag","embeddable":true,"href":"https:\/\/www.abchukuk.com\/index.php\/wp-json\/wp\/v2\/tags?post=2778"}],"curies":[{"name":"wp","href":"https:\/\/api.w.org\/{rel}","templated":true}]}}