{"id":27772,"date":"2026-04-29T01:00:00","date_gmt":"2026-04-29T01:00:00","guid":{"rendered":"https:\/\/www.abchukuk.com\/index.php\/2026\/04\/29\/cezaevinden-izinle-cikip-esini-bicaklayan-dere-bir-yildir-bulunamadi-istismar-ve-siddet-uyguluyordu\/"},"modified":"2026-04-29T01:00:00","modified_gmt":"2026-04-29T01:00:00","slug":"cezaevinden-izinle-cikip-esini-bicaklayan-dere-bir-yildir-bulunamadi-istismar-ve-siddet-uyguluyordu","status":"publish","type":"post","link":"https:\/\/www.abchukuk.com\/index.php\/2026\/04\/29\/cezaevinden-izinle-cikip-esini-bicaklayan-dere-bir-yildir-bulunamadi-istismar-ve-siddet-uyguluyordu\/","title":{"rendered":"Cezaevinden izinle \u00e7\u0131k\u0131p e\u015fini b\u0131\u00e7aklayan Dere, bir y\u0131ld\u0131r bulunamad\u0131: &#8216;\u0130stismar ve \u015fiddet uyguluyordu&#8217;"},"content":{"rendered":"<p>E\u015fi taraf\u0131ndan b\u0131\u00e7aklanan Filiz Dere\u2019nin ailesi, san\u0131\u011f\u0131n h\u00e2l\u00e2 yakalanamad\u0131\u011f\u0131n\u0131 ve \u0130ran numaras\u0131 \u00fczerinden tehditlerini s\u00fcrd\u00fcrd\u00fc\u011f\u00fcn\u00fc a\u00e7\u0131klad\u0131. A\u00e7\u0131k cezaevi izniyle d\u0131\u015far\u0131 \u00e7\u0131kan failin ge\u00e7mi\u015fte uyu\u015fturucu su\u00e7undan h\u00fck\u00fcm giydi\u011fi belirtildi.E\u015fi taraf\u0131ndan b\u0131\u00e7aklanan Filiz Dere\u2019nin ailesi, san\u0131\u011f\u0131n h\u00e2l\u00e2 yakalanamad\u0131\u011f\u0131n\u0131 ve \u0130ran numaras\u0131 \u00fczerinden tehditlerini s\u00fcrd\u00fcrd\u00fc\u011f\u00fcn\u00fc a\u00e7\u0131klad\u0131. A\u00e7\u0131k cezaevi izniyle d\u0131\u015far\u0131 \u00e7\u0131kan failin ge\u00e7mi\u015fte uyu\u015fturucu su\u00e7undan h\u00fck\u00fcm giydi\u011fi belirtildi.\u00a0<a href=\"https:\/\/www.cumhuriyet.com.tr\/turkiye\/cezaevinden-izinle-cikip-esini-bicaklayan-dere-bir-yildir-bulunamadi-istismar-ve-siddet-uyguluyordu-2499381\" target=\"_blank\" class=\"feedzy-rss-link-icon\">Read More<\/a><\/p>","protected":false},"excerpt":{"rendered":"<p>E\u015fi taraf\u0131ndan b\u0131\u00e7aklanan Filiz Dere\u2019nin ailesi, san\u0131\u011f\u0131n h\u00e2l\u00e2 yakalanamad\u0131\u011f\u0131n\u0131 ve \u0130ran numaras\u0131 \u00fczerinden tehditlerini s\u00fcrd\u00fcrd\u00fc\u011f\u00fcn\u00fc a\u00e7\u0131klad\u0131. A\u00e7\u0131k cezaevi izniyle d\u0131\u015far\u0131 \u00e7\u0131kan failin ge\u00e7mi\u015fte uyu\u015fturucu su\u00e7undan h\u00fck\u00fcm giydi\u011fi belirtildi.E\u015fi taraf\u0131ndan b\u0131\u00e7aklanan Filiz Dere\u2019nin ailesi, san\u0131\u011f\u0131n h\u00e2l\u00e2 yakalanamad\u0131\u011f\u0131n\u0131 ve \u0130ran numaras\u0131 \u00fczerinden tehditlerini s\u00fcrd\u00fcrd\u00fc\u011f\u00fcn\u00fc a\u00e7\u0131klad\u0131. A\u00e7\u0131k cezaevi izniyle d\u0131\u015far\u0131 \u00e7\u0131kan failin ge\u00e7mi\u015fte uyu\u015fturucu su\u00e7undan h\u00fck\u00fcm giydi\u011fi belirtildi.\u00a0Read [&hellip;]<\/p>\n","protected":false},"author":1,"featured_media":27773,"comment_status":"open","ping_status":"open","sticky":false,"template":"","format":"standard","meta":{"footnotes":"","_links_to":"","_links_to_target":""},"categories":[1],"tags":[],"class_list":["post-27772","post","type-post","status-publish","format-standard","has-post-thumbnail","hentry","category-haberler"],"_links":{"self":[{"href":"https:\/\/www.abchukuk.com\/index.php\/wp-json\/wp\/v2\/posts\/27772","targetHints":{"allow":["GET"]}}],"collection":[{"href":"https:\/\/www.abchukuk.com\/index.php\/wp-json\/wp\/v2\/posts"}],"about":[{"href":"https:\/\/www.abchukuk.com\/index.php\/wp-json\/wp\/v2\/types\/post"}],"author":[{"embeddable":true,"href":"https:\/\/www.abchukuk.com\/index.php\/wp-json\/wp\/v2\/users\/1"}],"replies":[{"embeddable":true,"href":"https:\/\/www.abchukuk.com\/index.php\/wp-json\/wp\/v2\/comments?post=27772"}],"version-history":[{"count":0,"href":"https:\/\/www.abchukuk.com\/index.php\/wp-json\/wp\/v2\/posts\/27772\/revisions"}],"wp:featuredmedia":[{"embeddable":true,"href":"https:\/\/www.abchukuk.com\/index.php\/wp-json\/wp\/v2\/media\/27773"}],"wp:attachment":[{"href":"https:\/\/www.abchukuk.com\/index.php\/wp-json\/wp\/v2\/media?parent=27772"}],"wp:term":[{"taxonomy":"category","embeddable":true,"href":"https:\/\/www.abchukuk.com\/index.php\/wp-json\/wp\/v2\/categories?post=27772"},{"taxonomy":"post_tag","embeddable":true,"href":"https:\/\/www.abchukuk.com\/index.php\/wp-json\/wp\/v2\/tags?post=27772"}],"curies":[{"name":"wp","href":"https:\/\/api.w.org\/{rel}","templated":true}]}}