{"id":27770,"date":"2026-04-29T01:00:00","date_gmt":"2026-04-29T01:00:00","guid":{"rendered":"https:\/\/www.abchukuk.com\/index.php\/2026\/04\/29\/itirafci-soytekin-savciliktaki-ifadeleri-sablon-olarak-gordugunu-soyledi-o-beyan-bana-ait-degil\/"},"modified":"2026-04-29T01:00:00","modified_gmt":"2026-04-29T01:00:00","slug":"itirafci-soytekin-savciliktaki-ifadeleri-sablon-olarak-gordugunu-soyledi-o-beyan-bana-ait-degil","status":"publish","type":"post","link":"https:\/\/www.abchukuk.com\/index.php\/2026\/04\/29\/itirafci-soytekin-savciliktaki-ifadeleri-sablon-olarak-gordugunu-soyledi-o-beyan-bana-ait-degil\/","title":{"rendered":"\u0130tiraf\u00e7\u0131 Soytekin savc\u0131l\u0131ktaki ifadeleri \u2018\u015fablon\u2019 olarak g\u00f6rd\u00fc\u011f\u00fcn\u00fc s\u00f6yledi: &#8216;O beyan bana ait de\u011fil&#8217;"},"content":{"rendered":"<p>\u0130BB davas\u0131n\u0131n 28. duru\u015fmas\u0131nda savunma yapan Adem Soytekin, \u00f6nceki beyanlar\u0131n\u0131n \u201c\u015fablon\u201d oldu\u011funu \u00f6ne s\u00fcrd\u00fc. R\u00fc\u015fvet iddialar\u0131n\u0131 reddeden Soytekin\u2019in, baz\u0131 ifadelerinin duyuma dayand\u0131\u011f\u0131n\u0131 s\u00f6ylemesi dikkat \u00e7ekti.\u0130BB davas\u0131n\u0131n 28. duru\u015fmas\u0131nda savunma yapan Adem Soytekin, \u00f6nceki beyanlar\u0131n\u0131n \u201c\u015fablon\u201d oldu\u011funu \u00f6ne s\u00fcrd\u00fc. R\u00fc\u015fvet iddialar\u0131n\u0131 reddeden Soytekin\u2019in, baz\u0131 ifadelerinin duyuma dayand\u0131\u011f\u0131n\u0131 s\u00f6ylemesi dikkat \u00e7ekti.\u00a0<a href=\"https:\/\/www.cumhuriyet.com.tr\/turkiye\/itirafci-soytekin-savciliktaki-ifadeleri-sablon-olarak-gordugunu-soyledi-o-beyan-bana-ait-degil-2499378\" target=\"_blank\" class=\"feedzy-rss-link-icon\">Read More<\/a><\/p>","protected":false},"excerpt":{"rendered":"<p>\u0130BB davas\u0131n\u0131n 28. duru\u015fmas\u0131nda savunma yapan Adem Soytekin, \u00f6nceki beyanlar\u0131n\u0131n \u201c\u015fablon\u201d oldu\u011funu \u00f6ne s\u00fcrd\u00fc. R\u00fc\u015fvet iddialar\u0131n\u0131 reddeden Soytekin\u2019in, baz\u0131 ifadelerinin duyuma dayand\u0131\u011f\u0131n\u0131 s\u00f6ylemesi dikkat \u00e7ekti.\u0130BB davas\u0131n\u0131n 28. duru\u015fmas\u0131nda savunma yapan Adem Soytekin, \u00f6nceki beyanlar\u0131n\u0131n \u201c\u015fablon\u201d oldu\u011funu \u00f6ne s\u00fcrd\u00fc. R\u00fc\u015fvet iddialar\u0131n\u0131 reddeden Soytekin\u2019in, baz\u0131 ifadelerinin duyuma dayand\u0131\u011f\u0131n\u0131 s\u00f6ylemesi dikkat \u00e7ekti.\u00a0Read More<\/p>\n","protected":false},"author":1,"featured_media":27771,"comment_status":"open","ping_status":"open","sticky":false,"template":"","format":"standard","meta":{"footnotes":"","_links_to":"","_links_to_target":""},"categories":[1],"tags":[],"class_list":["post-27770","post","type-post","status-publish","format-standard","has-post-thumbnail","hentry","category-haberler"],"_links":{"self":[{"href":"https:\/\/www.abchukuk.com\/index.php\/wp-json\/wp\/v2\/posts\/27770","targetHints":{"allow":["GET"]}}],"collection":[{"href":"https:\/\/www.abchukuk.com\/index.php\/wp-json\/wp\/v2\/posts"}],"about":[{"href":"https:\/\/www.abchukuk.com\/index.php\/wp-json\/wp\/v2\/types\/post"}],"author":[{"embeddable":true,"href":"https:\/\/www.abchukuk.com\/index.php\/wp-json\/wp\/v2\/users\/1"}],"replies":[{"embeddable":true,"href":"https:\/\/www.abchukuk.com\/index.php\/wp-json\/wp\/v2\/comments?post=27770"}],"version-history":[{"count":0,"href":"https:\/\/www.abchukuk.com\/index.php\/wp-json\/wp\/v2\/posts\/27770\/revisions"}],"wp:featuredmedia":[{"embeddable":true,"href":"https:\/\/www.abchukuk.com\/index.php\/wp-json\/wp\/v2\/media\/27771"}],"wp:attachment":[{"href":"https:\/\/www.abchukuk.com\/index.php\/wp-json\/wp\/v2\/media?parent=27770"}],"wp:term":[{"taxonomy":"category","embeddable":true,"href":"https:\/\/www.abchukuk.com\/index.php\/wp-json\/wp\/v2\/categories?post=27770"},{"taxonomy":"post_tag","embeddable":true,"href":"https:\/\/www.abchukuk.com\/index.php\/wp-json\/wp\/v2\/tags?post=27770"}],"curies":[{"name":"wp","href":"https:\/\/api.w.org\/{rel}","templated":true}]}}