{"id":27740,"date":"2026-04-28T19:46:14","date_gmt":"2026-04-28T19:46:14","guid":{"rendered":"https:\/\/www.abchukuk.com\/index.php\/2026\/04\/28\/adalet-bakanliginda-merkeze-gecis-firsati-personel-alimi-detaylari-aciklandi\/"},"modified":"2026-04-28T19:46:14","modified_gmt":"2026-04-28T19:46:14","slug":"adalet-bakanliginda-merkeze-gecis-firsati-personel-alimi-detaylari-aciklandi","status":"publish","type":"post","link":"https:\/\/www.abchukuk.com\/index.php\/2026\/04\/28\/adalet-bakanliginda-merkeze-gecis-firsati-personel-alimi-detaylari-aciklandi\/","title":{"rendered":"ADALET BAKANLI\u011eI\u2019NDA MERKEZE GE\u00c7\u0130\u015e FIRSATI! PERSONEL ALIMI DETAYLARI A\u00c7IKLANDI!"},"content":{"rendered":"<p class=\"p1\"><strong><span class=\"s1\">TA\u015eRADAN MERKEZE PERSONEL KAZANDIRILACAK<\/span><\/strong><\/p>\n<p>Bakanl\u0131k, ta\u015fra te\u015fkilat\u0131nda g\u00f6rev yapan nitelikli personelin merkezde de\u011ferlendirilmesine y\u00f6nelik yeni bir s\u00fcreci hayata ge\u00e7irdi. Kurumsal kapasiteyi art\u0131rmay\u0131 hedefleyen uygulama kapsam\u0131nda, belirli yetkinliklere sahip personelin merkez te\u015fkilat\u0131nda aktif rol almas\u0131 planlan\u0131yor.<\/p>\n<p class=\"p1\"><strong><span class=\"s1\">D\u00d6RT TEMEL YETK\u0130NL\u0130K \u00d6NE \u00c7IKIYOR<\/span><\/strong><\/p>\n<p class=\"p1\"><span class=\"s2\">Ba\u015fvuru s\u00fcrecinde personelin \u00f6zellikle \u015fu alanlardaki yetkinlikleri dikkate al\u0131nacak:<\/span><\/p>\n<ul class=\"ul1\">\n<li class=\"li1\"><strong><span class=\"s2\">\u0130dari ve mali i\u015fler<\/span><\/strong><\/li>\n<li class=\"li1\"><strong><span class=\"s2\">Bili\u015fim ve teknoloji<\/span><\/strong><\/li>\n<li class=\"li1\"><strong><span class=\"s2\">\u0130leti\u015fim ve tasar\u0131m<\/span><\/strong><\/li>\n<li class=\"li1\"><strong><span class=\"s2\">Teknik beceri<\/span><\/strong><\/li>\n<\/ul>\n<p class=\"p1\"><span class=\"s2\">Bu alanlarda deneyim ve yetkinli\u011fe sahip personelin, merkez te\u015fkilat\u0131nda aktif g\u00f6rev almas\u0131n\u0131n \u00f6n\u00fc a\u00e7\u0131lacak.<\/span><\/p>\n<p>\u00a0<\/p>\n<p><img fetchpriority=\"high\" decoding=\"async\" class=\"alignnone size-medium wp-image-171591\" src=\"https:\/\/www.son.tv\/wp-content\/uploads\/2026\/04\/IMG_0100-240x300.jpeg\" alt=\"\" width=\"240\" height=\"300\" \/><\/p>\n<p class=\"p1\"><strong><span class=\"s1\">BA\u015eVURULAR ELEKTRON\u0130K ORTAMDA YAPILACAK<\/span><\/strong><\/p>\n<p class=\"p1\"><span class=\"s2\">Ba\u015fvurular, 28.04.2026 tarihinden itibaren <a href=\"http:\/\/personel.adalet.gov.tr\/\"><span class=\"s1\">personel.adalet.gov.tr<\/span><\/a> adresi \u00fczerinden yap\u0131lacak. Adaylar\u0131n, sistemde yer alan \u201cPersonel Yetkinlik Formu\u201dnu doldurarak ba\u015fvurular\u0131n\u0131 tamamlamalar\u0131 gerekiyor.<\/span><\/p>\n<p class=\"p1\"><strong><span class=\"s1\">KURUMSAL KAPAS\u0130TE G\u00dc\u00c7LEND\u0130R\u0130LECEK<\/span><\/strong><\/p>\n<p class=\"p1\"><span class=\"s2\">Uygulama ile ta\u015fra te\u015fkilat\u0131nda edinilen tecr\u00fcbenin merkeze aktar\u0131lmas\u0131 ve bakanl\u0131k b\u00fcnyesinde daha etkin, h\u0131zl\u0131 ve verimli bir \u00e7al\u0131\u015fma yap\u0131s\u0131n\u0131n olu\u015fturulmas\u0131 hedefleniyor.<\/span><\/p>\n<p class=\"p1\"><strong><span class=\"s2\">ET\u0130KETLER:<\/span><\/strong><\/p>\n<p class=\"p1\"><strong><span class=\"s2\">#AdaletBakanl\u0131\u011f\u0131 #PersonelAl\u0131m\u0131 #Ta\u015fraTe\u015fkilat\u0131 #MerkezTe\u015fkilat\u0131 #KamuPersoneli #AdaletPGM #Kariyer #KamuHaberleri<\/span><\/strong><\/p>\n<p>Adalet Bakanl\u0131\u011f\u0131 Personel Genel M\u00fcd\u00fcrl\u00fc\u011f\u00fc\u2019n\u00fcn resmi sosyal medya hesab\u0131ndan yap\u0131lan duyuruya g\u00f6re, merkez te\u015fkilat\u0131n\u0131 ta\u015fra kadrolar\u0131yla g\u00fc\u00e7lendirmek amac\u0131yla ba\u015flat\u0131lan personel yetkinlik ba\u015fvurular\u0131, 28 Nisan 2026 itibar\u0131yla elektronik ortamda al\u0131nacak.\u00a0<a href=\"https:\/\/www.son.tv\/adalet-bakanliginda-merkeze-gecis-firsati-personel-alimi-detaylari-aciklandi\/\" target=\"_blank\" class=\"feedzy-rss-link-icon\">Read More<\/a><\/p>","protected":false},"excerpt":{"rendered":"<p>TA\u015eRADAN MERKEZE PERSONEL KAZANDIRILACAK Bakanl\u0131k, ta\u015fra te\u015fkilat\u0131nda g\u00f6rev yapan nitelikli personelin merkezde de\u011ferlendirilmesine y\u00f6nelik yeni bir s\u00fcreci hayata ge\u00e7irdi. Kurumsal kapasiteyi art\u0131rmay\u0131 hedefleyen uygulama kapsam\u0131nda, belirli yetkinliklere sahip personelin merkez te\u015fkilat\u0131nda aktif rol almas\u0131 planlan\u0131yor. D\u00d6RT TEMEL YETK\u0130NL\u0130K \u00d6NE \u00c7IKIYOR Ba\u015fvuru s\u00fcrecinde personelin \u00f6zellikle \u015fu alanlardaki yetkinlikleri dikkate al\u0131nacak: \u0130dari ve mali i\u015fler Bili\u015fim ve [&hellip;]<\/p>\n","protected":false},"author":1,"featured_media":27741,"comment_status":"open","ping_status":"open","sticky":false,"template":"","format":"standard","meta":{"footnotes":"","_links_to":"","_links_to_target":""},"categories":[1],"tags":[],"class_list":["post-27740","post","type-post","status-publish","format-standard","has-post-thumbnail","hentry","category-haberler"],"_links":{"self":[{"href":"https:\/\/www.abchukuk.com\/index.php\/wp-json\/wp\/v2\/posts\/27740","targetHints":{"allow":["GET"]}}],"collection":[{"href":"https:\/\/www.abchukuk.com\/index.php\/wp-json\/wp\/v2\/posts"}],"about":[{"href":"https:\/\/www.abchukuk.com\/index.php\/wp-json\/wp\/v2\/types\/post"}],"author":[{"embeddable":true,"href":"https:\/\/www.abchukuk.com\/index.php\/wp-json\/wp\/v2\/users\/1"}],"replies":[{"embeddable":true,"href":"https:\/\/www.abchukuk.com\/index.php\/wp-json\/wp\/v2\/comments?post=27740"}],"version-history":[{"count":0,"href":"https:\/\/www.abchukuk.com\/index.php\/wp-json\/wp\/v2\/posts\/27740\/revisions"}],"wp:featuredmedia":[{"embeddable":true,"href":"https:\/\/www.abchukuk.com\/index.php\/wp-json\/wp\/v2\/media\/27741"}],"wp:attachment":[{"href":"https:\/\/www.abchukuk.com\/index.php\/wp-json\/wp\/v2\/media?parent=27740"}],"wp:term":[{"taxonomy":"category","embeddable":true,"href":"https:\/\/www.abchukuk.com\/index.php\/wp-json\/wp\/v2\/categories?post=27740"},{"taxonomy":"post_tag","embeddable":true,"href":"https:\/\/www.abchukuk.com\/index.php\/wp-json\/wp\/v2\/tags?post=27740"}],"curies":[{"name":"wp","href":"https:\/\/api.w.org\/{rel}","templated":true}]}}