{"id":2774,"date":"2025-08-29T10:22:00","date_gmt":"2025-08-29T10:22:00","guid":{"rendered":"http:\/\/www.lopsssdoner.com\/index.php\/2025\/08\/29\/aileler-besinci-kez-sarachanede-bulustu-keyfi-gozaltilar-ve-tutuklamalar-son-bulsun\/"},"modified":"2025-08-29T10:22:00","modified_gmt":"2025-08-29T10:22:00","slug":"aileler-besinci-kez-sarachanede-bulustu-keyfi-gozaltilar-ve-tutuklamalar-son-bulsun","status":"publish","type":"post","link":"https:\/\/www.abchukuk.com\/index.php\/2025\/08\/29\/aileler-besinci-kez-sarachanede-bulustu-keyfi-gozaltilar-ve-tutuklamalar-son-bulsun\/","title":{"rendered":"Aileler be\u015finci kez Sara\u00e7hane&#8217;de bulu\u015ftu: &#8216;Keyfi g\u00f6zalt\u0131lar ve tutuklamalar son bulsun&#8217;"},"content":{"rendered":"<p>Aile Dayan\u0131\u015fma A\u011f\u0131, Sara\u00e7hane&#8217;deki be\u015finci bulu\u015fmas\u0131n\u0131 ger\u00e7ekle\u015ftirdi. \u0130BB Ba\u015fkan\u0131 ve CHP&#8217;nin cumhurba\u015fkan\u0131 aday\u0131 Ekrem \u0130mamo\u011flu\u2019nun e\u015fi ve sivil toplum g\u00f6n\u00fcll\u00fcs\u00fc Dilek Kaya \u0130mamo\u011flu, &#8220;Keyfi g\u00f6zalt\u0131lar ve tutuklamalar son bulsun&#8221; dedi. Ata\u015fehir Belediye Ba\u015fkan Yard\u0131mc\u0131s\u0131 Kalender \u00d6zdemir\u2019in k\u0131z\u0131 Sidal \u00d6zdemir ise &#8220;Babam, bir kalp krizi ge\u00e7irdi ama biz bunu tam \u00fc\u00e7 g\u00fcn sonra \u00f6\u011frenebildik. Babam\u0131n geri d\u00f6n\u00fc\u015f\u00fc olmayacak bir durum ya\u015fanmadan acilen tahliye edilmesini talep ediyorum&#8221; ifadelerini kulland\u0131.Aile Dayan\u0131\u015fma A\u011f\u0131, Sara\u00e7hane&#8217;deki be\u015finci bulu\u015fmas\u0131n\u0131 ger\u00e7ekle\u015ftirdi. \u0130BB Ba\u015fkan\u0131 ve CHP&#8217;nin cumhurba\u015fkan\u0131 aday\u0131 Ekrem \u0130mamo\u011flu\u2019nun e\u015fi ve sivil toplum g\u00f6n\u00fcll\u00fcs\u00fc Dilek Kaya \u0130mamo\u011flu, &#8220;Keyfi g\u00f6zalt\u0131lar ve tutuklamalar son bulsun&#8221; dedi. Ata\u015fehir Belediye Ba\u015fkan Yard\u0131mc\u0131s\u0131 Kalender \u00d6zdemir\u2019in k\u0131z\u0131 Sidal \u00d6zdemir ise &#8220;Babam, bir kalp krizi ge\u00e7irdi ama biz bunu tam \u00fc\u00e7 g\u00fcn sonra \u00f6\u011frenebildik. Babam\u0131n geri d\u00f6n\u00fc\u015f\u00fc olmayacak bir durum ya\u015fanmadan acilen tahliye edilmesini talep ediyorum&#8221; ifadelerini kulland\u0131.\u00a0<a href=\"https:\/\/www.cumhuriyet.com.tr\/siyaset\/aileler-besinci-kez-sarachane-de-bulustu-keyfi-gozaltilar-ve-tutuklamalar-son-bulsun-2430458\" target=\"_blank\" class=\"feedzy-rss-link-icon\">Read More<\/a><\/p>","protected":false},"excerpt":{"rendered":"<p>Aile Dayan\u0131\u015fma A\u011f\u0131, Sara\u00e7hane&#8217;deki be\u015finci bulu\u015fmas\u0131n\u0131 ger\u00e7ekle\u015ftirdi. \u0130BB Ba\u015fkan\u0131 ve CHP&#8217;nin cumhurba\u015fkan\u0131 aday\u0131 Ekrem \u0130mamo\u011flu\u2019nun e\u015fi ve sivil toplum g\u00f6n\u00fcll\u00fcs\u00fc Dilek Kaya \u0130mamo\u011flu, &#8220;Keyfi g\u00f6zalt\u0131lar ve tutuklamalar son bulsun&#8221; dedi. Ata\u015fehir Belediye Ba\u015fkan Yard\u0131mc\u0131s\u0131 Kalender \u00d6zdemir\u2019in k\u0131z\u0131 Sidal \u00d6zdemir ise &#8220;Babam, bir kalp krizi ge\u00e7irdi ama biz bunu tam \u00fc\u00e7 g\u00fcn sonra \u00f6\u011frenebildik. Babam\u0131n geri [&hellip;]<\/p>\n","protected":false},"author":1,"featured_media":2775,"comment_status":"open","ping_status":"open","sticky":false,"template":"","format":"standard","meta":{"footnotes":"","_links_to":"","_links_to_target":""},"categories":[1],"tags":[],"class_list":["post-2774","post","type-post","status-publish","format-standard","has-post-thumbnail","hentry","category-haberler"],"_links":{"self":[{"href":"https:\/\/www.abchukuk.com\/index.php\/wp-json\/wp\/v2\/posts\/2774","targetHints":{"allow":["GET"]}}],"collection":[{"href":"https:\/\/www.abchukuk.com\/index.php\/wp-json\/wp\/v2\/posts"}],"about":[{"href":"https:\/\/www.abchukuk.com\/index.php\/wp-json\/wp\/v2\/types\/post"}],"author":[{"embeddable":true,"href":"https:\/\/www.abchukuk.com\/index.php\/wp-json\/wp\/v2\/users\/1"}],"replies":[{"embeddable":true,"href":"https:\/\/www.abchukuk.com\/index.php\/wp-json\/wp\/v2\/comments?post=2774"}],"version-history":[{"count":0,"href":"https:\/\/www.abchukuk.com\/index.php\/wp-json\/wp\/v2\/posts\/2774\/revisions"}],"wp:featuredmedia":[{"embeddable":true,"href":"https:\/\/www.abchukuk.com\/index.php\/wp-json\/wp\/v2\/media\/2775"}],"wp:attachment":[{"href":"https:\/\/www.abchukuk.com\/index.php\/wp-json\/wp\/v2\/media?parent=2774"}],"wp:term":[{"taxonomy":"category","embeddable":true,"href":"https:\/\/www.abchukuk.com\/index.php\/wp-json\/wp\/v2\/categories?post=2774"},{"taxonomy":"post_tag","embeddable":true,"href":"https:\/\/www.abchukuk.com\/index.php\/wp-json\/wp\/v2\/tags?post=2774"}],"curies":[{"name":"wp","href":"https:\/\/api.w.org\/{rel}","templated":true}]}}