{"id":27735,"date":"2026-04-28T17:14:00","date_gmt":"2026-04-28T17:14:00","guid":{"rendered":"https:\/\/www.abchukuk.com\/index.php\/2026\/04\/28\/elektrik-faciasinda-yeni-gelisme-izsunun-yeni-ve-eski-baskani-yargilanacak\/"},"modified":"2026-04-28T17:14:00","modified_gmt":"2026-04-28T17:14:00","slug":"elektrik-faciasinda-yeni-gelisme-izsunun-yeni-ve-eski-baskani-yargilanacak","status":"publish","type":"post","link":"https:\/\/www.abchukuk.com\/index.php\/2026\/04\/28\/elektrik-faciasinda-yeni-gelisme-izsunun-yeni-ve-eski-baskani-yargilanacak\/","title":{"rendered":"Elektrik facias\u0131nda yeni geli\u015fme: \u0130ZSU\u2019nun yeni ve eski ba\u015fkan\u0131 yarg\u0131lanacak"},"content":{"rendered":"<p>\u0130zmir\u2019de sa\u011fanak s\u0131ras\u0131nda meydana gelen ve 23 ya\u015f\u0131ndaki \u00d6zge Ceren Deniz ile 44 ya\u015f\u0131ndaki \u0130nan\u00e7 \u00d6ktemay\u2019\u0131n hayat\u0131n\u0131 kaybetti\u011fi elektrik facias\u0131na ili\u015fkin davada yeni bir geli\u015fme!  Aralar\u0131nda \u0130ZSU\u2019nun \u00fcst d\u00fczey y\u00f6neticilerinin de bulundu\u011fu 6 kamu g\u00f6revlisi hakk\u0131nda iddianame kabul edildi.\u0130zmir\u2019de sa\u011fanak s\u0131ras\u0131nda meydana gelen ve 23 ya\u015f\u0131ndaki \u00d6zge Ceren Deniz ile 44 ya\u015f\u0131ndaki \u0130nan\u00e7 \u00d6ktemay\u2019\u0131n hayat\u0131n\u0131 kaybetti\u011fi elektrik facias\u0131na ili\u015fkin davada yeni bir geli\u015fme!  Aralar\u0131nda \u0130ZSU\u2019nun \u00fcst d\u00fczey y\u00f6neticilerinin de bulundu\u011fu 6 kamu g\u00f6revlisi hakk\u0131nda iddianame kabul edildi.\u00a0<a href=\"https:\/\/www.cumhuriyet.com.tr\/turkiye\/elektrik-faciasinda-yeni-gelisme-izsu-nun-yeni-ve-eski-baskani-yargilanacak-2499314\" target=\"_blank\" class=\"feedzy-rss-link-icon\">Read More<\/a><\/p>","protected":false},"excerpt":{"rendered":"<p>\u0130zmir\u2019de sa\u011fanak s\u0131ras\u0131nda meydana gelen ve 23 ya\u015f\u0131ndaki \u00d6zge Ceren Deniz ile 44 ya\u015f\u0131ndaki \u0130nan\u00e7 \u00d6ktemay\u2019\u0131n hayat\u0131n\u0131 kaybetti\u011fi elektrik facias\u0131na ili\u015fkin davada yeni bir geli\u015fme! Aralar\u0131nda \u0130ZSU\u2019nun \u00fcst d\u00fczey y\u00f6neticilerinin de bulundu\u011fu 6 kamu g\u00f6revlisi hakk\u0131nda iddianame kabul edildi.\u0130zmir\u2019de sa\u011fanak s\u0131ras\u0131nda meydana gelen ve 23 ya\u015f\u0131ndaki \u00d6zge Ceren Deniz ile 44 ya\u015f\u0131ndaki \u0130nan\u00e7 \u00d6ktemay\u2019\u0131n hayat\u0131n\u0131 [&hellip;]<\/p>\n","protected":false},"author":1,"featured_media":27736,"comment_status":"open","ping_status":"open","sticky":false,"template":"","format":"standard","meta":{"footnotes":"","_links_to":"","_links_to_target":""},"categories":[1],"tags":[],"class_list":["post-27735","post","type-post","status-publish","format-standard","has-post-thumbnail","hentry","category-haberler"],"_links":{"self":[{"href":"https:\/\/www.abchukuk.com\/index.php\/wp-json\/wp\/v2\/posts\/27735","targetHints":{"allow":["GET"]}}],"collection":[{"href":"https:\/\/www.abchukuk.com\/index.php\/wp-json\/wp\/v2\/posts"}],"about":[{"href":"https:\/\/www.abchukuk.com\/index.php\/wp-json\/wp\/v2\/types\/post"}],"author":[{"embeddable":true,"href":"https:\/\/www.abchukuk.com\/index.php\/wp-json\/wp\/v2\/users\/1"}],"replies":[{"embeddable":true,"href":"https:\/\/www.abchukuk.com\/index.php\/wp-json\/wp\/v2\/comments?post=27735"}],"version-history":[{"count":0,"href":"https:\/\/www.abchukuk.com\/index.php\/wp-json\/wp\/v2\/posts\/27735\/revisions"}],"wp:featuredmedia":[{"embeddable":true,"href":"https:\/\/www.abchukuk.com\/index.php\/wp-json\/wp\/v2\/media\/27736"}],"wp:attachment":[{"href":"https:\/\/www.abchukuk.com\/index.php\/wp-json\/wp\/v2\/media?parent=27735"}],"wp:term":[{"taxonomy":"category","embeddable":true,"href":"https:\/\/www.abchukuk.com\/index.php\/wp-json\/wp\/v2\/categories?post=27735"},{"taxonomy":"post_tag","embeddable":true,"href":"https:\/\/www.abchukuk.com\/index.php\/wp-json\/wp\/v2\/tags?post=27735"}],"curies":[{"name":"wp","href":"https:\/\/api.w.org\/{rel}","templated":true}]}}