{"id":27723,"date":"2026-04-28T16:48:00","date_gmt":"2026-04-28T16:48:00","guid":{"rendered":"https:\/\/www.abchukuk.com\/index.php\/2026\/04\/28\/istanbul-barosu-binasina-1-mayis-pankarti-asildi-halkin-ekmegidir-adalet\/"},"modified":"2026-04-28T16:48:00","modified_gmt":"2026-04-28T16:48:00","slug":"istanbul-barosu-binasina-1-mayis-pankarti-asildi-halkin-ekmegidir-adalet","status":"publish","type":"post","link":"https:\/\/www.abchukuk.com\/index.php\/2026\/04\/28\/istanbul-barosu-binasina-1-mayis-pankarti-asildi-halkin-ekmegidir-adalet\/","title":{"rendered":"\u0130stanbul Barosu binas\u0131na 1 May\u0131s pankart\u0131 as\u0131ld\u0131: &#8216;Halk\u0131n ekme\u011fidir adalet&#8217;"},"content":{"rendered":"<p>\u0130stanbul Barosu, 1 May\u0131s \u0130\u015f\u00e7i Bayram\u0131 \u00f6ncesinde Baronun Beyo\u011flu&#8217;nda bulunan merkez binas\u0131na \u00fczerinde \u201cHalk\u0131n ekme\u011fidir adalet\u201d yaz\u0131l\u0131 dev parkart as\u0131ld\u0131.\u0130stanbul Barosu, 1 May\u0131s \u0130\u015f\u00e7i Bayram\u0131 \u00f6ncesinde Baronun Beyo\u011flu&#8217;nda bulunan merkez binas\u0131na \u00fczerinde \u201cHalk\u0131n ekme\u011fidir adalet\u201d yaz\u0131l\u0131 dev parkart as\u0131ld\u0131.\u00a0<a href=\"https:\/\/www.cumhuriyet.com.tr\/turkiye\/istanbul-barosu-binasina-1-mayis-pankarti-asildi-halkin-ekmegidir-adalet-2499310\" target=\"_blank\" class=\"feedzy-rss-link-icon\">Read More<\/a><\/p>","protected":false},"excerpt":{"rendered":"<p>\u0130stanbul Barosu, 1 May\u0131s \u0130\u015f\u00e7i Bayram\u0131 \u00f6ncesinde Baronun Beyo\u011flu&#8217;nda bulunan merkez binas\u0131na \u00fczerinde \u201cHalk\u0131n ekme\u011fidir adalet\u201d yaz\u0131l\u0131 dev parkart as\u0131ld\u0131.\u0130stanbul Barosu, 1 May\u0131s \u0130\u015f\u00e7i Bayram\u0131 \u00f6ncesinde Baronun Beyo\u011flu&#8217;nda bulunan merkez binas\u0131na \u00fczerinde \u201cHalk\u0131n ekme\u011fidir adalet\u201d yaz\u0131l\u0131 dev parkart as\u0131ld\u0131.\u00a0Read More<\/p>\n","protected":false},"author":1,"featured_media":27724,"comment_status":"open","ping_status":"open","sticky":false,"template":"","format":"standard","meta":{"footnotes":"","_links_to":"","_links_to_target":""},"categories":[1],"tags":[],"class_list":["post-27723","post","type-post","status-publish","format-standard","has-post-thumbnail","hentry","category-haberler"],"_links":{"self":[{"href":"https:\/\/www.abchukuk.com\/index.php\/wp-json\/wp\/v2\/posts\/27723","targetHints":{"allow":["GET"]}}],"collection":[{"href":"https:\/\/www.abchukuk.com\/index.php\/wp-json\/wp\/v2\/posts"}],"about":[{"href":"https:\/\/www.abchukuk.com\/index.php\/wp-json\/wp\/v2\/types\/post"}],"author":[{"embeddable":true,"href":"https:\/\/www.abchukuk.com\/index.php\/wp-json\/wp\/v2\/users\/1"}],"replies":[{"embeddable":true,"href":"https:\/\/www.abchukuk.com\/index.php\/wp-json\/wp\/v2\/comments?post=27723"}],"version-history":[{"count":0,"href":"https:\/\/www.abchukuk.com\/index.php\/wp-json\/wp\/v2\/posts\/27723\/revisions"}],"wp:featuredmedia":[{"embeddable":true,"href":"https:\/\/www.abchukuk.com\/index.php\/wp-json\/wp\/v2\/media\/27724"}],"wp:attachment":[{"href":"https:\/\/www.abchukuk.com\/index.php\/wp-json\/wp\/v2\/media?parent=27723"}],"wp:term":[{"taxonomy":"category","embeddable":true,"href":"https:\/\/www.abchukuk.com\/index.php\/wp-json\/wp\/v2\/categories?post=27723"},{"taxonomy":"post_tag","embeddable":true,"href":"https:\/\/www.abchukuk.com\/index.php\/wp-json\/wp\/v2\/tags?post=27723"}],"curies":[{"name":"wp","href":"https:\/\/api.w.org\/{rel}","templated":true}]}}