{"id":27719,"date":"2026-04-28T15:42:00","date_gmt":"2026-04-28T15:42:00","guid":{"rendered":"https:\/\/www.abchukuk.com\/index.php\/2026\/04\/28\/pankart-asma-davasi-sol-parti-uyesi-6-kisi-hakkindaki-ev-hapsi-adli-kontrolu-kaldirildi\/"},"modified":"2026-04-28T15:42:00","modified_gmt":"2026-04-28T15:42:00","slug":"pankart-asma-davasi-sol-parti-uyesi-6-kisi-hakkindaki-ev-hapsi-adli-kontrolu-kaldirildi","status":"publish","type":"post","link":"https:\/\/www.abchukuk.com\/index.php\/2026\/04\/28\/pankart-asma-davasi-sol-parti-uyesi-6-kisi-hakkindaki-ev-hapsi-adli-kontrolu-kaldirildi\/","title":{"rendered":"\u2018Pankart asma\u2019 davas\u0131: SOL Parti \u00fcyesi 6 ki\u015fi hakk\u0131ndaki ev hapsi adli kontrol\u00fc kald\u0131r\u0131ld\u0131"},"content":{"rendered":"<p>\u201c\u015eeriata, fa\u015fizme, karanl\u0131\u011fa kar\u015f\u0131 laik, devrimci, demokratik cumhuriyet\u201d pankart\u0131 nedeniyle yakla\u015f\u0131k 3 ayd\u0131r ev hapsinde olan 6 SOL Parti \u00fcyesi hakk\u0131nda K\u00fc\u00e7\u00fck\u00e7ekmece 15. Asliye Ceza Mahkemesi, ilk duru\u015fmada ev hapsi adli kontrol\u00fcn\u00fc kald\u0131rd\u0131.\u201c\u015eeriata, fa\u015fizme, karanl\u0131\u011fa kar\u015f\u0131 laik, devrimci, demokratik cumhuriyet\u201d pankart\u0131 nedeniyle yakla\u015f\u0131k 3 ayd\u0131r ev hapsinde olan 6 SOL Parti \u00fcyesi hakk\u0131nda K\u00fc\u00e7\u00fck\u00e7ekmece 15. Asliye Ceza Mahkemesi, ilk duru\u015fmada ev hapsi adli kontrol\u00fcn\u00fc kald\u0131rd\u0131.\u00a0<a href=\"https:\/\/www.cumhuriyet.com.tr\/siyaset\/pankart-asma-davasi-sol-parti-uyesi-6-kisi-hakkindaki-ev-hapsi-adli-kontrolu-kaldirildi-2499300\" target=\"_blank\" class=\"feedzy-rss-link-icon\">Read More<\/a><\/p>","protected":false},"excerpt":{"rendered":"<p>\u201c\u015eeriata, fa\u015fizme, karanl\u0131\u011fa kar\u015f\u0131 laik, devrimci, demokratik cumhuriyet\u201d pankart\u0131 nedeniyle yakla\u015f\u0131k 3 ayd\u0131r ev hapsinde olan 6 SOL Parti \u00fcyesi hakk\u0131nda K\u00fc\u00e7\u00fck\u00e7ekmece 15. Asliye Ceza Mahkemesi, ilk duru\u015fmada ev hapsi adli kontrol\u00fcn\u00fc kald\u0131rd\u0131.\u201c\u015eeriata, fa\u015fizme, karanl\u0131\u011fa kar\u015f\u0131 laik, devrimci, demokratik cumhuriyet\u201d pankart\u0131 nedeniyle yakla\u015f\u0131k 3 ayd\u0131r ev hapsinde olan 6 SOL Parti \u00fcyesi hakk\u0131nda K\u00fc\u00e7\u00fck\u00e7ekmece 15. [&hellip;]<\/p>\n","protected":false},"author":1,"featured_media":27720,"comment_status":"open","ping_status":"open","sticky":false,"template":"","format":"standard","meta":{"footnotes":"","_links_to":"","_links_to_target":""},"categories":[1],"tags":[],"class_list":["post-27719","post","type-post","status-publish","format-standard","has-post-thumbnail","hentry","category-haberler"],"_links":{"self":[{"href":"https:\/\/www.abchukuk.com\/index.php\/wp-json\/wp\/v2\/posts\/27719","targetHints":{"allow":["GET"]}}],"collection":[{"href":"https:\/\/www.abchukuk.com\/index.php\/wp-json\/wp\/v2\/posts"}],"about":[{"href":"https:\/\/www.abchukuk.com\/index.php\/wp-json\/wp\/v2\/types\/post"}],"author":[{"embeddable":true,"href":"https:\/\/www.abchukuk.com\/index.php\/wp-json\/wp\/v2\/users\/1"}],"replies":[{"embeddable":true,"href":"https:\/\/www.abchukuk.com\/index.php\/wp-json\/wp\/v2\/comments?post=27719"}],"version-history":[{"count":0,"href":"https:\/\/www.abchukuk.com\/index.php\/wp-json\/wp\/v2\/posts\/27719\/revisions"}],"wp:featuredmedia":[{"embeddable":true,"href":"https:\/\/www.abchukuk.com\/index.php\/wp-json\/wp\/v2\/media\/27720"}],"wp:attachment":[{"href":"https:\/\/www.abchukuk.com\/index.php\/wp-json\/wp\/v2\/media?parent=27719"}],"wp:term":[{"taxonomy":"category","embeddable":true,"href":"https:\/\/www.abchukuk.com\/index.php\/wp-json\/wp\/v2\/categories?post=27719"},{"taxonomy":"post_tag","embeddable":true,"href":"https:\/\/www.abchukuk.com\/index.php\/wp-json\/wp\/v2\/tags?post=27719"}],"curies":[{"name":"wp","href":"https:\/\/api.w.org\/{rel}","templated":true}]}}