{"id":27715,"date":"2026-04-28T15:54:15","date_gmt":"2026-04-28T15:54:15","guid":{"rendered":"https:\/\/www.abchukuk.com\/index.php\/2026\/04\/28\/hsk-heyetinden-istanbul-ve-gaziosmanpasa-adliyelerine-ziyaret\/"},"modified":"2026-04-28T15:54:15","modified_gmt":"2026-04-28T15:54:15","slug":"hsk-heyetinden-istanbul-ve-gaziosmanpasa-adliyelerine-ziyaret","status":"publish","type":"post","link":"https:\/\/www.abchukuk.com\/index.php\/2026\/04\/28\/hsk-heyetinden-istanbul-ve-gaziosmanpasa-adliyelerine-ziyaret\/","title":{"rendered":"HSK HEYET\u0130NDEN \u0130STANBUL VE GAZ\u0130OSMANPA\u015eA ADL\u0130YELER\u0130NE Z\u0130YARET"},"content":{"rendered":"<p>HSK Birinci Daire \u00dcyesi B\u00fclent K\u00fcf\u00fcd\u00fcr ile \u0130kinci Daire \u00dcyeleri Cengiz Aydemir ve Ali\u015fan Tiryaki temaslar\u0131 kapsam\u0131nda ilk olarak \u0130stanbul Cumhuriyet Ba\u015fsavc\u0131l\u0131\u011f\u0131\u2019n\u0131 ziyaret etti. Heyet, \u0130stanbul Cumhuriyet Ba\u015fsavc\u0131s\u0131 Fatih D\u00f6nmez ile bir araya gelirken, Komisyon \u00dcyesi Murat Y\u0131ld\u0131z da g\u00f6r\u00fc\u015fmelere e\u015flik etti.<\/p>\n<p><a href=\"https:\/\/www.son.tv\/wp-content\/uploads\/2026\/04\/8aa45691-f07c-430b-8b77-bd6bdbe2182e-scaled.jpeg\"><img loading=\"lazy\" decoding=\"async\" loading=\"lazy\" class=\"alignnone size-large wp-image-171520\" src=\"https:\/\/www.son.tv\/wp-content\/uploads\/2026\/04\/8aa45691-f07c-430b-8b77-bd6bdbe2182e-1024x771.jpeg\" alt=\"\" width=\"1024\" height=\"771\" \/><\/a><\/p>\n<p>ADL\u0130YEN\u0130N \u0130\u015eLEY\u0130\u015e\u0130 MASAYA YATIRILDI<br \/>\nZiyarette, \u0130stanbul Adliyesi\u2019nin i\u015fleyi\u015fine ili\u015fkin de\u011ferlendirmelerde bulunulurken, yarg\u0131 hizmetlerinin etkinli\u011fi, uygulamada kar\u015f\u0131la\u015f\u0131lan sorunlar ve \u00e7\u00f6z\u00fcm \u00f6nerileri ele al\u0131nd\u0131. Heyet, adliye birimlerinde incelemelerde bulunarak y\u00fcr\u00fct\u00fclen \u00e7al\u0131\u015fmalara ili\u015fkin bilgi ald\u0131.<\/p>\n<p><a href=\"https:\/\/www.son.tv\/wp-content\/uploads\/2026\/04\/a2320328-2f50-4620-ba58-21f5836ba040.jpeg\"><img loading=\"lazy\" decoding=\"async\" loading=\"lazy\" class=\"alignnone size-large wp-image-171521\" src=\"https:\/\/www.son.tv\/wp-content\/uploads\/2026\/04\/a2320328-2f50-4620-ba58-21f5836ba040-1024x682.jpeg\" alt=\"\" width=\"1024\" height=\"682\" \/><\/a><\/p>\n<p>GAZ\u0130OSMANPA\u015eA\u2019YA Z\u0130YARET<br \/>\nHSK heyeti daha sonra Gaziosmanpa\u015fa Cumhuriyet Ba\u015fsavc\u0131l\u0131\u011f\u0131\u2019n\u0131 ziyaret etti. HSK Birinci Daire \u00dcyesi B\u00fclent K\u00fcf\u00fcd\u00fcr ile \u0130kinci Daire \u00dcyesi Cengiz Aydemir\u2019i Gaziosmanpa\u015fa Cumhuriyet Ba\u015fsavc\u0131s\u0131 Hasan Dalak ile Gaziosmanpa\u015fa Adliyesi Adalet Komisyonu Ba\u015fkan\u0131 Ramazan Oru\u00e7 kar\u015f\u0131lad\u0131.<\/p>\n<p><a href=\"https:\/\/www.son.tv\/wp-content\/uploads\/2026\/04\/0e2179f4-b565-45bc-8bfc-a2fac5bccb25.jpeg\"><img loading=\"lazy\" decoding=\"async\" loading=\"lazy\" class=\"alignnone size-large wp-image-171522\" src=\"https:\/\/www.son.tv\/wp-content\/uploads\/2026\/04\/0e2179f4-b565-45bc-8bfc-a2fac5bccb25-1024x682.jpeg\" alt=\"\" width=\"1024\" height=\"682\" \/><\/a><\/p>\n<p>G\u00dcNCEL YARGI KONULARI G\u00d6R\u00dc\u015e\u00dcLD\u00dc<br \/>\nZiyarette adliyenin fiziki yap\u0131s\u0131 ve birimlerin durumu incelenirken, g\u00fcncel yarg\u0131 konular\u0131, yarg\u0131lama usulleri ve uygulamadaki geli\u015fmeler \u00fczerine de\u011ferlendirmelerde bulunuldu. Kar\u015f\u0131l\u0131kl\u0131 g\u00f6r\u00fc\u015f al\u0131\u015fveri\u015finin yap\u0131ld\u0131\u011f\u0131 temaslar\u0131n, yarg\u0131 hizmetlerinin daha etkin y\u00fcr\u00fct\u00fclmesine katk\u0131 sa\u011flamas\u0131 hedefleniyor.<\/p>\n<p><a href=\"https:\/\/www.son.tv\/wp-content\/uploads\/2026\/04\/9301ca5d-8a84-49dc-a81a-2f94ece341c5.jpeg\"><img loading=\"lazy\" decoding=\"async\" loading=\"lazy\" class=\"alignnone size-large wp-image-171524\" src=\"https:\/\/www.son.tv\/wp-content\/uploads\/2026\/04\/9301ca5d-8a84-49dc-a81a-2f94ece341c5-1024x682.jpeg\" alt=\"\" width=\"1024\" height=\"682\" \/><\/a> <a href=\"https:\/\/www.son.tv\/wp-content\/uploads\/2026\/04\/2bd5f2ad-aada-489c-b1a6-2941a3c12167.jpeg\"><img loading=\"lazy\" decoding=\"async\" loading=\"lazy\" class=\"alignnone size-large wp-image-171525\" src=\"https:\/\/www.son.tv\/wp-content\/uploads\/2026\/04\/2bd5f2ad-aada-489c-b1a6-2941a3c12167-1024x682.jpeg\" alt=\"\" width=\"1024\" height=\"682\" \/><\/a> <a href=\"https:\/\/www.son.tv\/wp-content\/uploads\/2026\/04\/602fb073-cd7e-4d68-a99c-276ca92bb88f.jpeg\"><img loading=\"lazy\" decoding=\"async\" loading=\"lazy\" class=\"alignnone size-large wp-image-171527\" src=\"https:\/\/www.son.tv\/wp-content\/uploads\/2026\/04\/602fb073-cd7e-4d68-a99c-276ca92bb88f-1024x793.jpeg\" alt=\"\" width=\"1024\" height=\"793\" \/><\/a><\/p>\n<p><a href=\"https:\/\/www.son.tv\/wp-content\/uploads\/2026\/04\/c9a7cd4a-85d1-4617-9fbf-126c8c7208bb.jpeg\"><img loading=\"lazy\" decoding=\"async\" loading=\"lazy\" class=\"alignnone size-large wp-image-171528\" src=\"https:\/\/www.son.tv\/wp-content\/uploads\/2026\/04\/c9a7cd4a-85d1-4617-9fbf-126c8c7208bb-1024x682.jpeg\" alt=\"\" width=\"1024\" height=\"682\" \/><\/a><\/p>\n<p>HSK Birinci Daire \u00dcyesi B\u00fclent K\u00fcf\u00fcd\u00fcr ile \u0130kinci Daire \u00dcyeleri Cengiz Aydemir ve Ali\u015fan Tiryaki, \u0130stanbul ve Gaziosmanpa\u015fa Cumhuriyet Ba\u015fsavc\u0131l\u0131klar\u0131n\u0131 ziyaret ederek adliyelerin i\u015fleyi\u015fini yerinde inceledi. \u0130stanbul adliyesinde ger\u00e7ekle\u015ftirilen g\u00f6r\u00fc\u015fmelerde yarg\u0131 hizmetlerinin etkinli\u011fi, uygulamadaki sorunlar ve \u00e7\u00f6z\u00fcm \u00f6nerileri ele al\u0131n\u0131rken, Gaziosmanpa\u015fa\u2019daki ziyarette de adliyenin fiziki yap\u0131s\u0131 ve g\u00fcncel yarg\u0131 konular\u0131 de\u011ferlendirildi.\u00a0<a href=\"https:\/\/www.son.tv\/hsk-heyetinden-istanbul-ve-gaziosmanpasa-adliyelerine-ziyaret\/\" target=\"_blank\" class=\"feedzy-rss-link-icon\">Read More<\/a><\/p>","protected":false},"excerpt":{"rendered":"<p>HSK Birinci Daire \u00dcyesi B\u00fclent K\u00fcf\u00fcd\u00fcr ile \u0130kinci Daire \u00dcyeleri Cengiz Aydemir ve Ali\u015fan Tiryaki temaslar\u0131 kapsam\u0131nda ilk olarak \u0130stanbul Cumhuriyet Ba\u015fsavc\u0131l\u0131\u011f\u0131\u2019n\u0131 ziyaret etti. Heyet, \u0130stanbul Cumhuriyet Ba\u015fsavc\u0131s\u0131 Fatih D\u00f6nmez ile bir araya gelirken, Komisyon \u00dcyesi Murat Y\u0131ld\u0131z da g\u00f6r\u00fc\u015fmelere e\u015flik etti. ADL\u0130YEN\u0130N \u0130\u015eLEY\u0130\u015e\u0130 MASAYA YATIRILDI Ziyarette, \u0130stanbul Adliyesi\u2019nin i\u015fleyi\u015fine ili\u015fkin de\u011ferlendirmelerde bulunulurken, yarg\u0131 hizmetlerinin [&hellip;]<\/p>\n","protected":false},"author":1,"featured_media":27716,"comment_status":"open","ping_status":"open","sticky":false,"template":"","format":"standard","meta":{"footnotes":"","_links_to":"","_links_to_target":""},"categories":[1],"tags":[],"class_list":["post-27715","post","type-post","status-publish","format-standard","has-post-thumbnail","hentry","category-haberler"],"_links":{"self":[{"href":"https:\/\/www.abchukuk.com\/index.php\/wp-json\/wp\/v2\/posts\/27715","targetHints":{"allow":["GET"]}}],"collection":[{"href":"https:\/\/www.abchukuk.com\/index.php\/wp-json\/wp\/v2\/posts"}],"about":[{"href":"https:\/\/www.abchukuk.com\/index.php\/wp-json\/wp\/v2\/types\/post"}],"author":[{"embeddable":true,"href":"https:\/\/www.abchukuk.com\/index.php\/wp-json\/wp\/v2\/users\/1"}],"replies":[{"embeddable":true,"href":"https:\/\/www.abchukuk.com\/index.php\/wp-json\/wp\/v2\/comments?post=27715"}],"version-history":[{"count":0,"href":"https:\/\/www.abchukuk.com\/index.php\/wp-json\/wp\/v2\/posts\/27715\/revisions"}],"wp:featuredmedia":[{"embeddable":true,"href":"https:\/\/www.abchukuk.com\/index.php\/wp-json\/wp\/v2\/media\/27716"}],"wp:attachment":[{"href":"https:\/\/www.abchukuk.com\/index.php\/wp-json\/wp\/v2\/media?parent=27715"}],"wp:term":[{"taxonomy":"category","embeddable":true,"href":"https:\/\/www.abchukuk.com\/index.php\/wp-json\/wp\/v2\/categories?post=27715"},{"taxonomy":"post_tag","embeddable":true,"href":"https:\/\/www.abchukuk.com\/index.php\/wp-json\/wp\/v2\/tags?post=27715"}],"curies":[{"name":"wp","href":"https:\/\/api.w.org\/{rel}","templated":true}]}}