{"id":27714,"date":"2026-04-28T09:33:00","date_gmt":"2026-04-28T09:33:00","guid":{"rendered":"https:\/\/www.abchukuk.com\/index.php\/2026\/04\/28\/16-yasindaki-cocuk-arkadasinin-babasi-tarafindan-darbedildi-mahkeme-takipsizlik-karari-verdi\/"},"modified":"2026-04-28T09:33:00","modified_gmt":"2026-04-28T09:33:00","slug":"16-yasindaki-cocuk-arkadasinin-babasi-tarafindan-darbedildi-mahkeme-takipsizlik-karari-verdi","status":"publish","type":"post","link":"https:\/\/www.abchukuk.com\/index.php\/2026\/04\/28\/16-yasindaki-cocuk-arkadasinin-babasi-tarafindan-darbedildi-mahkeme-takipsizlik-karari-verdi\/","title":{"rendered":"16 ya\u015f\u0131ndaki \u00e7ocuk arkada\u015f\u0131n\u0131n babas\u0131 taraf\u0131ndan darbedildi: Mahkeme &#8216;takipsizlik&#8217; karar\u0131 verdi!"},"content":{"rendered":"<p>Isparta&#8217;da 16 ya\u015f\u0131ndaki \u00e7ocuk, arkada\u015f\u0131yla ya\u015fad\u0131\u011f\u0131 tart\u0131\u015fman\u0131n ard\u0131ndan cami kap\u0131s\u0131nda arkada\u015f\u0131n\u0131n 45 ya\u015f\u0131ndaki babas\u0131 taraf\u0131ndan defalarca darbedildi. G\u00fcvenlik kameralar\u0131na anbean yans\u0131yan olay\u0131n ard\u0131ndan mahkemece verilen takipsizlik karar\u0131 aileye ikinci bir kabusu ya\u015fatt\u0131. Ailecek psikolojilerinin bozuldu\u011funu belirten dede Ya\u015far \u00c7\u0131nar, &#8220;Ben onu 15 g\u00fcnl\u00fckken yan\u0131ma ald\u0131m ve b\u00fcy\u00fctt\u00fcm. 16 ya\u015f\u0131ndaki \u00f6ks\u00fcz ve yetim bir \u00e7ocuk bu \u015fekilde d\u00f6v\u00fclmez. Mahkeme de takipsizlik karar\u0131 vermi\u015f. Mahkemenin lehimize karar vermesi i\u00e7in bu \u00e7ocu\u011fun illa \u00f6lmesi mi gerekiyordu?&#8221; s\u00f6zleriyle sitem etti.Isparta&#8217;da 16 ya\u015f\u0131ndaki \u00e7ocuk, arkada\u015f\u0131yla ya\u015fad\u0131\u011f\u0131 tart\u0131\u015fman\u0131n ard\u0131ndan cami kap\u0131s\u0131nda arkada\u015f\u0131n\u0131n 45 ya\u015f\u0131ndaki babas\u0131 taraf\u0131ndan defalarca darbedildi. G\u00fcvenlik kameralar\u0131na anbean yans\u0131yan olay\u0131n ard\u0131ndan mahkemece verilen takipsizlik karar\u0131 aileye ikinci bir kabusu ya\u015fatt\u0131. Ailecek psikolojilerinin bozuldu\u011funu belirten dede Ya\u015far \u00c7\u0131nar, &#8220;Ben onu 15 g\u00fcnl\u00fckken yan\u0131ma ald\u0131m ve b\u00fcy\u00fctt\u00fcm. 16 ya\u015f\u0131ndaki \u00f6ks\u00fcz ve yetim bir \u00e7ocuk bu \u015fekilde d\u00f6v\u00fclmez. Mahkeme de takipsizlik karar\u0131 vermi\u015f. Mahkemenin lehimize karar vermesi i\u00e7in bu \u00e7ocu\u011fun illa \u00f6lmesi mi gerekiyordu?&#8221; s\u00f6zleriyle sitem etti.\u00a0<a href=\"https:\/\/www.cumhuriyet.com.tr\/turkiye\/16-yasindaki-cocuk-arkadasinin-babasi-tarafindan-darbedildi-mahkeme-takipsizlik-karari-verdi-2499188\" target=\"_blank\" class=\"feedzy-rss-link-icon\">Read More<\/a><\/p>","protected":false},"excerpt":{"rendered":"<p>Isparta&#8217;da 16 ya\u015f\u0131ndaki \u00e7ocuk, arkada\u015f\u0131yla ya\u015fad\u0131\u011f\u0131 tart\u0131\u015fman\u0131n ard\u0131ndan cami kap\u0131s\u0131nda arkada\u015f\u0131n\u0131n 45 ya\u015f\u0131ndaki babas\u0131 taraf\u0131ndan defalarca darbedildi. G\u00fcvenlik kameralar\u0131na anbean yans\u0131yan olay\u0131n ard\u0131ndan mahkemece verilen takipsizlik karar\u0131 aileye ikinci bir kabusu ya\u015fatt\u0131. Ailecek psikolojilerinin bozuldu\u011funu belirten dede Ya\u015far \u00c7\u0131nar, &#8220;Ben onu 15 g\u00fcnl\u00fckken yan\u0131ma ald\u0131m ve b\u00fcy\u00fctt\u00fcm. 16 ya\u015f\u0131ndaki \u00f6ks\u00fcz ve yetim bir \u00e7ocuk bu [&hellip;]<\/p>\n","protected":false},"author":1,"featured_media":27652,"comment_status":"open","ping_status":"open","sticky":false,"template":"","format":"standard","meta":{"footnotes":"","_links_to":"","_links_to_target":""},"categories":[1],"tags":[],"class_list":["post-27714","post","type-post","status-publish","format-standard","has-post-thumbnail","hentry","category-haberler"],"_links":{"self":[{"href":"https:\/\/www.abchukuk.com\/index.php\/wp-json\/wp\/v2\/posts\/27714","targetHints":{"allow":["GET"]}}],"collection":[{"href":"https:\/\/www.abchukuk.com\/index.php\/wp-json\/wp\/v2\/posts"}],"about":[{"href":"https:\/\/www.abchukuk.com\/index.php\/wp-json\/wp\/v2\/types\/post"}],"author":[{"embeddable":true,"href":"https:\/\/www.abchukuk.com\/index.php\/wp-json\/wp\/v2\/users\/1"}],"replies":[{"embeddable":true,"href":"https:\/\/www.abchukuk.com\/index.php\/wp-json\/wp\/v2\/comments?post=27714"}],"version-history":[{"count":0,"href":"https:\/\/www.abchukuk.com\/index.php\/wp-json\/wp\/v2\/posts\/27714\/revisions"}],"wp:featuredmedia":[{"embeddable":true,"href":"https:\/\/www.abchukuk.com\/index.php\/wp-json\/wp\/v2\/media\/27652"}],"wp:attachment":[{"href":"https:\/\/www.abchukuk.com\/index.php\/wp-json\/wp\/v2\/media?parent=27714"}],"wp:term":[{"taxonomy":"category","embeddable":true,"href":"https:\/\/www.abchukuk.com\/index.php\/wp-json\/wp\/v2\/categories?post=27714"},{"taxonomy":"post_tag","embeddable":true,"href":"https:\/\/www.abchukuk.com\/index.php\/wp-json\/wp\/v2\/tags?post=27714"}],"curies":[{"name":"wp","href":"https:\/\/api.w.org\/{rel}","templated":true}]}}