{"id":27713,"date":"2026-04-28T09:55:00","date_gmt":"2026-04-28T09:55:00","guid":{"rendered":"https:\/\/www.abchukuk.com\/index.php\/2026\/04\/28\/meryemi-9-kursunla-katletmisti-istinaf-katil-musa-sevime-verilen-muebbet-hapis-cezasini-onadi\/"},"modified":"2026-04-28T09:55:00","modified_gmt":"2026-04-28T09:55:00","slug":"meryemi-9-kursunla-katletmisti-istinaf-katil-musa-sevime-verilen-muebbet-hapis-cezasini-onadi","status":"publish","type":"post","link":"https:\/\/www.abchukuk.com\/index.php\/2026\/04\/28\/meryemi-9-kursunla-katletmisti-istinaf-katil-musa-sevime-verilen-muebbet-hapis-cezasini-onadi\/","title":{"rendered":"Meryem&#8217;i 9 kur\u015funla katletmi\u015fti&#8230; \u0130stinaf, katil Musa Sevim&#8217;e verilen m\u00fcebbet hapis cezas\u0131n\u0131 onad\u0131"},"content":{"rendered":"<p>Diyarbak\u0131r\u2019\u0131n Kayap\u0131nar il\u00e7esinde eski k\u0131z arkada\u015f\u0131 Meryem Sevim\u2019i (21) bir kafede 9 kur\u015funla \u00f6ld\u00fcren Musa Sevim (24) hakk\u0131nda yerel mahkemenin a\u011f\u0131rla\u015ft\u0131r\u0131lm\u0131\u015f m\u00fcebbet hapis cezas\u0131 verdi\u011fi karar, istinaf taraf\u0131ndan onand\u0131.Diyarbak\u0131r\u2019\u0131n Kayap\u0131nar il\u00e7esinde eski k\u0131z arkada\u015f\u0131 Meryem Sevim\u2019i (21) bir kafede 9 kur\u015funla \u00f6ld\u00fcren Musa Sevim (24) hakk\u0131nda yerel mahkemenin a\u011f\u0131rla\u015ft\u0131r\u0131lm\u0131\u015f m\u00fcebbet hapis cezas\u0131 verdi\u011fi karar, istinaf taraf\u0131ndan onand\u0131.\u00a0<a href=\"https:\/\/www.cumhuriyet.com.tr\/turkiye\/meryem-i-9-kursunla-katletmisti-istinaf-katil-musa-sevim-e-verilen-muebbet-hapis-cezasini-onadi-2499194\" target=\"_blank\" class=\"feedzy-rss-link-icon\">Read More<\/a><\/p>","protected":false},"excerpt":{"rendered":"<p>Diyarbak\u0131r\u2019\u0131n Kayap\u0131nar il\u00e7esinde eski k\u0131z arkada\u015f\u0131 Meryem Sevim\u2019i (21) bir kafede 9 kur\u015funla \u00f6ld\u00fcren Musa Sevim (24) hakk\u0131nda yerel mahkemenin a\u011f\u0131rla\u015ft\u0131r\u0131lm\u0131\u015f m\u00fcebbet hapis cezas\u0131 verdi\u011fi karar, istinaf taraf\u0131ndan onand\u0131.Diyarbak\u0131r\u2019\u0131n Kayap\u0131nar il\u00e7esinde eski k\u0131z arkada\u015f\u0131 Meryem Sevim\u2019i (21) bir kafede 9 kur\u015funla \u00f6ld\u00fcren Musa Sevim (24) hakk\u0131nda yerel mahkemenin a\u011f\u0131rla\u015ft\u0131r\u0131lm\u0131\u015f m\u00fcebbet hapis cezas\u0131 verdi\u011fi karar, istinaf [&hellip;]<\/p>\n","protected":false},"author":1,"featured_media":27650,"comment_status":"open","ping_status":"open","sticky":false,"template":"","format":"standard","meta":{"footnotes":"","_links_to":"","_links_to_target":""},"categories":[1],"tags":[],"class_list":["post-27713","post","type-post","status-publish","format-standard","has-post-thumbnail","hentry","category-haberler"],"_links":{"self":[{"href":"https:\/\/www.abchukuk.com\/index.php\/wp-json\/wp\/v2\/posts\/27713","targetHints":{"allow":["GET"]}}],"collection":[{"href":"https:\/\/www.abchukuk.com\/index.php\/wp-json\/wp\/v2\/posts"}],"about":[{"href":"https:\/\/www.abchukuk.com\/index.php\/wp-json\/wp\/v2\/types\/post"}],"author":[{"embeddable":true,"href":"https:\/\/www.abchukuk.com\/index.php\/wp-json\/wp\/v2\/users\/1"}],"replies":[{"embeddable":true,"href":"https:\/\/www.abchukuk.com\/index.php\/wp-json\/wp\/v2\/comments?post=27713"}],"version-history":[{"count":0,"href":"https:\/\/www.abchukuk.com\/index.php\/wp-json\/wp\/v2\/posts\/27713\/revisions"}],"wp:featuredmedia":[{"embeddable":true,"href":"https:\/\/www.abchukuk.com\/index.php\/wp-json\/wp\/v2\/media\/27650"}],"wp:attachment":[{"href":"https:\/\/www.abchukuk.com\/index.php\/wp-json\/wp\/v2\/media?parent=27713"}],"wp:term":[{"taxonomy":"category","embeddable":true,"href":"https:\/\/www.abchukuk.com\/index.php\/wp-json\/wp\/v2\/categories?post=27713"},{"taxonomy":"post_tag","embeddable":true,"href":"https:\/\/www.abchukuk.com\/index.php\/wp-json\/wp\/v2\/tags?post=27713"}],"curies":[{"name":"wp","href":"https:\/\/api.w.org\/{rel}","templated":true}]}}