{"id":27709,"date":"2026-04-28T13:54:00","date_gmt":"2026-04-28T13:54:00","guid":{"rendered":"https:\/\/www.abchukuk.com\/index.php\/2026\/04\/28\/alaattin-koselerden-carpici-savunma-beykoz-belediyesi-davasinda-ara-karar-tutukluluga-devam\/"},"modified":"2026-04-28T13:54:00","modified_gmt":"2026-04-28T13:54:00","slug":"alaattin-koselerden-carpici-savunma-beykoz-belediyesi-davasinda-ara-karar-tutukluluga-devam","status":"publish","type":"post","link":"https:\/\/www.abchukuk.com\/index.php\/2026\/04\/28\/alaattin-koselerden-carpici-savunma-beykoz-belediyesi-davasinda-ara-karar-tutukluluga-devam\/","title":{"rendered":"Alaattin K\u00f6seler&#8217;den \u00e7arp\u0131c\u0131 savunma&#8230; Beykoz Belediyesi davas\u0131nda ara karar: &#8216;Tutuklulu\u011fa devam&#8217;"},"content":{"rendered":"<p>Beykoz Belediyesi\u2019ne y\u00f6nelik \u201cihaleye fesat\u201d ve \u201c\u00f6rg\u00fct\u201d su\u00e7lamalar\u0131yla a\u00e7\u0131lan davada, aralar\u0131nda tutuklu Belediye Ba\u015fkan\u0131 Alaattin K\u00f6seler\u2019in de bulundu\u011fu 26 san\u0131\u011f\u0131n yarg\u0131lanmas\u0131na devam edildi. Duru\u015fmada savunma yapan K\u00f6seler, dosyada delil olmad\u0131\u011f\u0131n\u0131 savunarak, \u201cBu dava siyasidir\u201d dedi ve 425 g\u00fcnd\u00fcr s\u00fcren tutuklulu\u011funun sona ermesini talep etti. K\u00f6seler&#8217;in tutuklulu\u011funun devam\u0131na karar verilirken; duru\u015fma 5 Haziran&#8217;a ertelendi.Beykoz Belediyesi\u2019ne y\u00f6nelik \u201cihaleye fesat\u201d ve \u201c\u00f6rg\u00fct\u201d su\u00e7lamalar\u0131yla a\u00e7\u0131lan davada, aralar\u0131nda tutuklu Belediye Ba\u015fkan\u0131 Alaattin K\u00f6seler\u2019in de bulundu\u011fu 26 san\u0131\u011f\u0131n yarg\u0131lanmas\u0131na devam edildi. Duru\u015fmada savunma yapan K\u00f6seler, dosyada delil olmad\u0131\u011f\u0131n\u0131 savunarak, \u201cBu dava siyasidir\u201d dedi ve 425 g\u00fcnd\u00fcr s\u00fcren tutuklulu\u011funun sona ermesini talep etti. K\u00f6seler&#8217;in tutuklulu\u011funun devam\u0131na karar verilirken; duru\u015fma 5 Haziran&#8217;a ertelendi.\u00a0<a href=\"https:\/\/www.cumhuriyet.com.tr\/siyaset\/alaattin-koseler-den-carpici-savunma-beykoz-belediyesi-davasinda-ara-karar-tutukluluga-devam-2499267\" target=\"_blank\" class=\"feedzy-rss-link-icon\">Read More<\/a><\/p>","protected":false},"excerpt":{"rendered":"<p>Beykoz Belediyesi\u2019ne y\u00f6nelik \u201cihaleye fesat\u201d ve \u201c\u00f6rg\u00fct\u201d su\u00e7lamalar\u0131yla a\u00e7\u0131lan davada, aralar\u0131nda tutuklu Belediye Ba\u015fkan\u0131 Alaattin K\u00f6seler\u2019in de bulundu\u011fu 26 san\u0131\u011f\u0131n yarg\u0131lanmas\u0131na devam edildi. Duru\u015fmada savunma yapan K\u00f6seler, dosyada delil olmad\u0131\u011f\u0131n\u0131 savunarak, \u201cBu dava siyasidir\u201d dedi ve 425 g\u00fcnd\u00fcr s\u00fcren tutuklulu\u011funun sona ermesini talep etti. K\u00f6seler&#8217;in tutuklulu\u011funun devam\u0131na karar verilirken; duru\u015fma 5 Haziran&#8217;a ertelendi.Beykoz Belediyesi\u2019ne y\u00f6nelik [&hellip;]<\/p>\n","protected":false},"author":1,"featured_media":27710,"comment_status":"open","ping_status":"open","sticky":false,"template":"","format":"standard","meta":{"footnotes":"","_links_to":"","_links_to_target":""},"categories":[1],"tags":[],"class_list":["post-27709","post","type-post","status-publish","format-standard","has-post-thumbnail","hentry","category-haberler"],"_links":{"self":[{"href":"https:\/\/www.abchukuk.com\/index.php\/wp-json\/wp\/v2\/posts\/27709","targetHints":{"allow":["GET"]}}],"collection":[{"href":"https:\/\/www.abchukuk.com\/index.php\/wp-json\/wp\/v2\/posts"}],"about":[{"href":"https:\/\/www.abchukuk.com\/index.php\/wp-json\/wp\/v2\/types\/post"}],"author":[{"embeddable":true,"href":"https:\/\/www.abchukuk.com\/index.php\/wp-json\/wp\/v2\/users\/1"}],"replies":[{"embeddable":true,"href":"https:\/\/www.abchukuk.com\/index.php\/wp-json\/wp\/v2\/comments?post=27709"}],"version-history":[{"count":0,"href":"https:\/\/www.abchukuk.com\/index.php\/wp-json\/wp\/v2\/posts\/27709\/revisions"}],"wp:featuredmedia":[{"embeddable":true,"href":"https:\/\/www.abchukuk.com\/index.php\/wp-json\/wp\/v2\/media\/27710"}],"wp:attachment":[{"href":"https:\/\/www.abchukuk.com\/index.php\/wp-json\/wp\/v2\/media?parent=27709"}],"wp:term":[{"taxonomy":"category","embeddable":true,"href":"https:\/\/www.abchukuk.com\/index.php\/wp-json\/wp\/v2\/categories?post=27709"},{"taxonomy":"post_tag","embeddable":true,"href":"https:\/\/www.abchukuk.com\/index.php\/wp-json\/wp\/v2\/tags?post=27709"}],"curies":[{"name":"wp","href":"https:\/\/api.w.org\/{rel}","templated":true}]}}