{"id":27708,"date":"2026-04-28T05:48:41","date_gmt":"2026-04-28T05:48:41","guid":{"rendered":"https:\/\/www.abchukuk.com\/index.php\/2026\/04\/28\/halfeti-belediyesinde-29-tutuklama\/"},"modified":"2026-04-28T05:48:41","modified_gmt":"2026-04-28T05:48:41","slug":"halfeti-belediyesinde-29-tutuklama","status":"publish","type":"post","link":"https:\/\/www.abchukuk.com\/index.php\/2026\/04\/28\/halfeti-belediyesinde-29-tutuklama\/","title":{"rendered":"Halfeti Belediyesi&#8217;nde 29 tutuklama"},"content":{"rendered":"<p>\u015eanl\u0131urfa&#8217;da, Halfeti Belediyesi&#8217;nin \u00f6nceki y\u00f6netim d\u00f6nemine ili\u015fkin &#8220;su\u00e7 i\u015flemek amac\u0131yla \u00f6rg\u00fct kurma&#8221; ve &#8220;edimin ifas\u0131na fesat kar\u0131\u015ft\u0131rma&#8221; su\u00e7lar\u0131na y\u00f6nelik operasyonda g\u00f6zalt\u0131na al\u0131nan 46 \u015f\u00fcpheliden, aralar\u0131nda eski kayyum Halfeti Belediye Ba\u015fkan\u0131 ve AK Parti aday\u0131 \u015eeref Albayrak&#8217;\u0131n da bulundu\u011fu 29&#8217;u tutukland\u0131\u015eanl\u0131urfa&#8217;da, Halfeti Belediyesi&#8217;nin \u00f6nceki y\u00f6netim d\u00f6nemine ili\u015fkin &#8220;su\u00e7 i\u015flemek amac\u0131yla \u00f6rg\u00fct kurma&#8221; ve &#8220;edimin ifas\u0131na fesat kar\u0131\u015ft\u0131rma&#8221; su\u00e7lar\u0131na y\u00f6nelik operasyonda g\u00f6zalt\u0131na al\u0131nan 46 \u015f\u00fcpheliden, aralar\u0131nda eski kayyum Halfeti Belediye Ba\u015fkan\u0131 ve AK Parti aday\u0131 \u015eeref Albayrak&#8217;\u0131n da bulundu\u011fu 29&#8217;u tutukland\u0131\u00a0<a href=\"https:\/\/www.haberturk.com\/son-dakika-halfeti-belediyesi-nde-29-tutuklama-eski-baskan-seref-albayrak-tutuklandi-3880680\" target=\"_blank\" class=\"feedzy-rss-link-icon\">Read More<\/a><\/p>","protected":false},"excerpt":{"rendered":"<p>\u015eanl\u0131urfa&#8217;da, Halfeti Belediyesi&#8217;nin \u00f6nceki y\u00f6netim d\u00f6nemine ili\u015fkin &#8220;su\u00e7 i\u015flemek amac\u0131yla \u00f6rg\u00fct kurma&#8221; ve &#8220;edimin ifas\u0131na fesat kar\u0131\u015ft\u0131rma&#8221; su\u00e7lar\u0131na y\u00f6nelik operasyonda g\u00f6zalt\u0131na al\u0131nan 46 \u015f\u00fcpheliden, aralar\u0131nda eski kayyum Halfeti Belediye Ba\u015fkan\u0131 ve AK Parti aday\u0131 \u015eeref Albayrak&#8217;\u0131n da bulundu\u011fu 29&#8217;u tutukland\u0131\u015eanl\u0131urfa&#8217;da, Halfeti Belediyesi&#8217;nin \u00f6nceki y\u00f6netim d\u00f6nemine ili\u015fkin &#8220;su\u00e7 i\u015flemek amac\u0131yla \u00f6rg\u00fct kurma&#8221; ve &#8220;edimin ifas\u0131na fesat [&hellip;]<\/p>\n","protected":false},"author":1,"featured_media":0,"comment_status":"open","ping_status":"open","sticky":false,"template":"","format":"standard","meta":{"footnotes":"","_links_to":"","_links_to_target":""},"categories":[1],"tags":[],"class_list":["post-27708","post","type-post","status-publish","format-standard","hentry","category-haberler"],"_links":{"self":[{"href":"https:\/\/www.abchukuk.com\/index.php\/wp-json\/wp\/v2\/posts\/27708","targetHints":{"allow":["GET"]}}],"collection":[{"href":"https:\/\/www.abchukuk.com\/index.php\/wp-json\/wp\/v2\/posts"}],"about":[{"href":"https:\/\/www.abchukuk.com\/index.php\/wp-json\/wp\/v2\/types\/post"}],"author":[{"embeddable":true,"href":"https:\/\/www.abchukuk.com\/index.php\/wp-json\/wp\/v2\/users\/1"}],"replies":[{"embeddable":true,"href":"https:\/\/www.abchukuk.com\/index.php\/wp-json\/wp\/v2\/comments?post=27708"}],"version-history":[{"count":0,"href":"https:\/\/www.abchukuk.com\/index.php\/wp-json\/wp\/v2\/posts\/27708\/revisions"}],"wp:attachment":[{"href":"https:\/\/www.abchukuk.com\/index.php\/wp-json\/wp\/v2\/media?parent=27708"}],"wp:term":[{"taxonomy":"category","embeddable":true,"href":"https:\/\/www.abchukuk.com\/index.php\/wp-json\/wp\/v2\/categories?post=27708"},{"taxonomy":"post_tag","embeddable":true,"href":"https:\/\/www.abchukuk.com\/index.php\/wp-json\/wp\/v2\/tags?post=27708"}],"curies":[{"name":"wp","href":"https:\/\/api.w.org\/{rel}","templated":true}]}}