{"id":27698,"date":"2026-04-28T12:36:33","date_gmt":"2026-04-28T12:36:33","guid":{"rendered":"https:\/\/www.abchukuk.com\/index.php\/2026\/04\/28\/canakkale-bassavcisi-ozkan-gundogan-adalet-bakani-akin-gurleki-ziyaret-etti\/"},"modified":"2026-04-28T12:36:33","modified_gmt":"2026-04-28T12:36:33","slug":"canakkale-bassavcisi-ozkan-gundogan-adalet-bakani-akin-gurleki-ziyaret-etti","status":"publish","type":"post","link":"https:\/\/www.abchukuk.com\/index.php\/2026\/04\/28\/canakkale-bassavcisi-ozkan-gundogan-adalet-bakani-akin-gurleki-ziyaret-etti\/","title":{"rendered":"\u00c7ANAKKALE BA\u015eSAVCISI \u00d6ZKAN G\u00dcNDO\u011eAN ADALET BAKANI AKIN G\u00dcRLEK\u2019\u0130 Z\u0130YARET ETT\u0130"},"content":{"rendered":"<p class=\"p1\">SON.TV\/ ANKARA<\/p>\n<p>\u00a0<\/p>\n<p>ANKARA\u2019DA YARGI Z\u0130RVES\u0130<\/p>\n<p>Ba\u015fsavc\u0131 \u00d6zkan G\u00fcrdo\u011fan\u2019\u0131n \u00f6nc\u00fcl\u00fc\u011f\u00fcnde ger\u00e7ekle\u015fen ziyarette, yarg\u0131 hizmetleri ve kurumlar aras\u0131 i\u015f birli\u011fi ba\u015fta olmak \u00fczere \u00e7e\u015fitli konular ele al\u0131nd\u0131. Heyetin, Adalet Bakanl\u0131\u011f\u0131\u2019nda ger\u00e7ekle\u015ftirdi\u011fi g\u00f6r\u00fc\u015fmenin verimli ge\u00e7ti\u011fi \u00f6\u011frenildi. \u00c7anakkale Valisi \u00d6mer Toraman\u2019\u0131n da beraberindeki heyetle birlikte ziyarete kat\u0131ld\u0131\u011f\u0131 belirtildi.<\/p>\n<p>SOSYAL MEDYADAN PAYLA\u015eILDI<\/p>\n<p>G\u00f6r\u00fc\u015fmeye ili\u015fkin detaylar ve ziyaret an\u0131na dair kareler, Adalet Bakanl\u0131\u011f\u0131\u2019n\u0131n resmi sosyal medya hesaplar\u0131ndan kamuoyuna duyuruldu. Payla\u015f\u0131mlarda g\u00f6r\u00fc\u015fmenin samimi bir atmosferde ger\u00e7ekle\u015fti\u011fi g\u00f6r\u00fcld\u00fc.<\/p>\n<p>YARGI KOORD\u0130NASYONUNA VURGU<\/p>\n<p>Ziyaretin, yarg\u0131 te\u015fkilat\u0131 ile m\u00fclki idare aras\u0131ndaki koordinasyonun g\u00fc\u00e7lendirilmesi a\u00e7\u0131s\u0131ndan \u00f6nemli bir ad\u0131m oldu\u011fu de\u011ferlendiriliyor.<\/p>\n<p>#ET\u0130KETLER<br \/>\n#AdaletBakanl\u0131\u011f\u0131 #Ak\u0131nG\u00fcrlek #\u00d6zkanG\u00fcrdo\u011fan #\u00c7anakkale #Yarg\u0131 #Ankara #Ziyaret #SonTV<\/p>\n<p>\u00a0<\/p>\n<p>\u00a0<\/p>\n<p class=\"p1\">\n<\/p><p>\u00c7anakkale Cumhuriyet Ba\u015fsavc\u0131s\u0131 \u00d6zkan G\u00fcrdo\u011fan, Adalet Bakan\u0131 Ak\u0131n G\u00fcrlek ile Ankara\u2019da bir araya geldi. Ziyarete, \u00c7anakkale Valisi \u00d6mer Toraman ve Adalet Komisyonu Ba\u015fkan\u0131 Eray Do\u011fan da e\u015flik etti.\u00a0<a href=\"https:\/\/www.son.tv\/canakkale-valisi-omer-toraman-adalet-bakani-akin-gurleki-ziyaret-etti\/\" target=\"_blank\" class=\"feedzy-rss-link-icon\">Read More<\/a><\/p>","protected":false},"excerpt":{"rendered":"<p>SON.TV\/ ANKARA \u00a0 ANKARA\u2019DA YARGI Z\u0130RVES\u0130 Ba\u015fsavc\u0131 \u00d6zkan G\u00fcrdo\u011fan\u2019\u0131n \u00f6nc\u00fcl\u00fc\u011f\u00fcnde ger\u00e7ekle\u015fen ziyarette, yarg\u0131 hizmetleri ve kurumlar aras\u0131 i\u015f birli\u011fi ba\u015fta olmak \u00fczere \u00e7e\u015fitli konular ele al\u0131nd\u0131. Heyetin, Adalet Bakanl\u0131\u011f\u0131\u2019nda ger\u00e7ekle\u015ftirdi\u011fi g\u00f6r\u00fc\u015fmenin verimli ge\u00e7ti\u011fi \u00f6\u011frenildi. \u00c7anakkale Valisi \u00d6mer Toraman\u2019\u0131n da beraberindeki heyetle birlikte ziyarete kat\u0131ld\u0131\u011f\u0131 belirtildi. SOSYAL MEDYADAN PAYLA\u015eILDI G\u00f6r\u00fc\u015fmeye ili\u015fkin detaylar ve ziyaret an\u0131na dair [&hellip;]<\/p>\n","protected":false},"author":1,"featured_media":0,"comment_status":"open","ping_status":"open","sticky":false,"template":"","format":"standard","meta":{"footnotes":"","_links_to":"","_links_to_target":""},"categories":[1],"tags":[],"class_list":["post-27698","post","type-post","status-publish","format-standard","hentry","category-haberler"],"_links":{"self":[{"href":"https:\/\/www.abchukuk.com\/index.php\/wp-json\/wp\/v2\/posts\/27698","targetHints":{"allow":["GET"]}}],"collection":[{"href":"https:\/\/www.abchukuk.com\/index.php\/wp-json\/wp\/v2\/posts"}],"about":[{"href":"https:\/\/www.abchukuk.com\/index.php\/wp-json\/wp\/v2\/types\/post"}],"author":[{"embeddable":true,"href":"https:\/\/www.abchukuk.com\/index.php\/wp-json\/wp\/v2\/users\/1"}],"replies":[{"embeddable":true,"href":"https:\/\/www.abchukuk.com\/index.php\/wp-json\/wp\/v2\/comments?post=27698"}],"version-history":[{"count":0,"href":"https:\/\/www.abchukuk.com\/index.php\/wp-json\/wp\/v2\/posts\/27698\/revisions"}],"wp:attachment":[{"href":"https:\/\/www.abchukuk.com\/index.php\/wp-json\/wp\/v2\/media?parent=27698"}],"wp:term":[{"taxonomy":"category","embeddable":true,"href":"https:\/\/www.abchukuk.com\/index.php\/wp-json\/wp\/v2\/categories?post=27698"},{"taxonomy":"post_tag","embeddable":true,"href":"https:\/\/www.abchukuk.com\/index.php\/wp-json\/wp\/v2\/tags?post=27698"}],"curies":[{"name":"wp","href":"https:\/\/api.w.org\/{rel}","templated":true}]}}