{"id":27695,"date":"2026-04-28T13:14:00","date_gmt":"2026-04-28T13:14:00","guid":{"rendered":"https:\/\/www.abchukuk.com\/index.php\/2026\/04\/28\/tutuklandigini-ogrendi-adliye-binasindan-atladi\/"},"modified":"2026-04-28T13:14:00","modified_gmt":"2026-04-28T13:14:00","slug":"tutuklandigini-ogrendi-adliye-binasindan-atladi","status":"publish","type":"post","link":"https:\/\/www.abchukuk.com\/index.php\/2026\/04\/28\/tutuklandigini-ogrendi-adliye-binasindan-atladi\/","title":{"rendered":"Tutukland\u0131\u011f\u0131n\u0131 \u00f6\u011frendi: Adliye binas\u0131ndan atlad\u0131"},"content":{"rendered":"<p>Zonguldak&#8217;\u0131n Ere\u011fli il\u00e7esinde uyu\u015fturucu madde ticareti yapmak su\u00e7undan g\u00f6zalt\u0131na al\u0131nan S.K., \u00e7\u0131kar\u0131ld\u0131\u011f\u0131 mahkemede tutukland\u0131\u011f\u0131n\u0131 \u00f6\u011frenince adliye binas\u0131n\u0131n 2\u2019nci kat\u0131ndan atlad\u0131. Yaralanan S.K., hastanede tedaviye al\u0131nd\u0131.Zonguldak&#8217;\u0131n Ere\u011fli il\u00e7esinde uyu\u015fturucu madde ticareti yapmak su\u00e7undan g\u00f6zalt\u0131na al\u0131nan S.K., \u00e7\u0131kar\u0131ld\u0131\u011f\u0131 mahkemede tutukland\u0131\u011f\u0131n\u0131 \u00f6\u011frenince adliye binas\u0131n\u0131n 2\u2019nci kat\u0131ndan atlad\u0131. Yaralanan S.K., hastanede tedaviye al\u0131nd\u0131.\u00a0<a href=\"https:\/\/www.cumhuriyet.com.tr\/turkiye\/tutuklandigini-ogrendi-adliye-binasindan-atladi-2499259\" target=\"_blank\" class=\"feedzy-rss-link-icon\">Read More<\/a><\/p>","protected":false},"excerpt":{"rendered":"<p>Zonguldak&#8217;\u0131n Ere\u011fli il\u00e7esinde uyu\u015fturucu madde ticareti yapmak su\u00e7undan g\u00f6zalt\u0131na al\u0131nan S.K., \u00e7\u0131kar\u0131ld\u0131\u011f\u0131 mahkemede tutukland\u0131\u011f\u0131n\u0131 \u00f6\u011frenince adliye binas\u0131n\u0131n 2\u2019nci kat\u0131ndan atlad\u0131. Yaralanan S.K., hastanede tedaviye al\u0131nd\u0131.Zonguldak&#8217;\u0131n Ere\u011fli il\u00e7esinde uyu\u015fturucu madde ticareti yapmak su\u00e7undan g\u00f6zalt\u0131na al\u0131nan S.K., \u00e7\u0131kar\u0131ld\u0131\u011f\u0131 mahkemede tutukland\u0131\u011f\u0131n\u0131 \u00f6\u011frenince adliye binas\u0131n\u0131n 2\u2019nci kat\u0131ndan atlad\u0131. Yaralanan S.K., hastanede tedaviye al\u0131nd\u0131.\u00a0Read More<\/p>\n","protected":false},"author":1,"featured_media":27696,"comment_status":"open","ping_status":"open","sticky":false,"template":"","format":"standard","meta":{"footnotes":"","_links_to":"","_links_to_target":""},"categories":[1],"tags":[],"class_list":["post-27695","post","type-post","status-publish","format-standard","has-post-thumbnail","hentry","category-haberler"],"_links":{"self":[{"href":"https:\/\/www.abchukuk.com\/index.php\/wp-json\/wp\/v2\/posts\/27695","targetHints":{"allow":["GET"]}}],"collection":[{"href":"https:\/\/www.abchukuk.com\/index.php\/wp-json\/wp\/v2\/posts"}],"about":[{"href":"https:\/\/www.abchukuk.com\/index.php\/wp-json\/wp\/v2\/types\/post"}],"author":[{"embeddable":true,"href":"https:\/\/www.abchukuk.com\/index.php\/wp-json\/wp\/v2\/users\/1"}],"replies":[{"embeddable":true,"href":"https:\/\/www.abchukuk.com\/index.php\/wp-json\/wp\/v2\/comments?post=27695"}],"version-history":[{"count":0,"href":"https:\/\/www.abchukuk.com\/index.php\/wp-json\/wp\/v2\/posts\/27695\/revisions"}],"wp:featuredmedia":[{"embeddable":true,"href":"https:\/\/www.abchukuk.com\/index.php\/wp-json\/wp\/v2\/media\/27696"}],"wp:attachment":[{"href":"https:\/\/www.abchukuk.com\/index.php\/wp-json\/wp\/v2\/media?parent=27695"}],"wp:term":[{"taxonomy":"category","embeddable":true,"href":"https:\/\/www.abchukuk.com\/index.php\/wp-json\/wp\/v2\/categories?post=27695"},{"taxonomy":"post_tag","embeddable":true,"href":"https:\/\/www.abchukuk.com\/index.php\/wp-json\/wp\/v2\/tags?post=27695"}],"curies":[{"name":"wp","href":"https:\/\/api.w.org\/{rel}","templated":true}]}}