{"id":2768,"date":"2025-08-29T09:05:00","date_gmt":"2025-08-29T09:05:00","guid":{"rendered":"http:\/\/www.lopsssdoner.com\/index.php\/2025\/08\/29\/adalet-bakanligi-ikm-sonuclari-ne-zaman-aciklanacak-personel-alim-sonuclari-icin-tarih-verildi-mi\/"},"modified":"2025-08-29T09:05:00","modified_gmt":"2025-08-29T09:05:00","slug":"adalet-bakanligi-ikm-sonuclari-ne-zaman-aciklanacak-personel-alim-sonuclari-icin-tarih-verildi-mi","status":"publish","type":"post","link":"https:\/\/www.abchukuk.com\/index.php\/2025\/08\/29\/adalet-bakanligi-ikm-sonuclari-ne-zaman-aciklanacak-personel-alim-sonuclari-icin-tarih-verildi-mi\/","title":{"rendered":"Adalet Bakanl\u0131\u011f\u0131 \u0130KM sonu\u00e7lar\u0131 ne zaman a\u00e7\u0131klanacak? Personel al\u0131m sonu\u00e7lar\u0131 i\u00e7in tarih verildi mi?"},"content":{"rendered":"<p>Adalet Bakanl\u0131\u011f\u0131 5 bin personel al\u0131m\u0131 i\u00e7in bekleyi\u015f s\u00fcr\u00fcyor. En \u00e7ok al\u0131m ise infaz koruma memurlu\u011fu kadrosu i\u00e7in yap\u0131lacak. On binler heyecanla sonu\u00e7lar\u0131 beklerken &#8220;Adalet Bakanl\u0131\u011f\u0131 personel al\u0131m\u0131 sonu\u00e7lar\u0131 ne zaman a\u00e7\u0131klanacak&#8221; sorusu s\u0131k\u00e7a geliyor. \u0130\u015fte beklenen tarihler&#8230;Adalet Bakanl\u0131\u011f\u0131 5 bin personel al\u0131m\u0131 i\u00e7in bekleyi\u015f s\u00fcr\u00fcyor. En \u00e7ok al\u0131m ise infaz koruma memurlu\u011fu kadrosu i\u00e7in yap\u0131lacak. On binler heyecanla sonu\u00e7lar\u0131 beklerken &#8220;Adalet Bakanl\u0131\u011f\u0131 personel al\u0131m\u0131 sonu\u00e7lar\u0131 ne zaman a\u00e7\u0131klanacak&#8221; sorusu s\u0131k\u00e7a geliyor. \u0130\u015fte beklenen tarihler&#8230;\u00a0<a href=\"https:\/\/www.dunya.com\/foto-galeri\/gundem\/adalet-bakanligi-ikm-sonuclari-ne-zaman-aciklanacak-personel-alim-sonuclari-icin-tarih-verildi-mi-galeri-791771\" target=\"_blank\" class=\"feedzy-rss-link-icon\">Read More<\/a><\/p>","protected":false},"excerpt":{"rendered":"<p>Adalet Bakanl\u0131\u011f\u0131 5 bin personel al\u0131m\u0131 i\u00e7in bekleyi\u015f s\u00fcr\u00fcyor. En \u00e7ok al\u0131m ise infaz koruma memurlu\u011fu kadrosu i\u00e7in yap\u0131lacak. On binler heyecanla sonu\u00e7lar\u0131 beklerken &#8220;Adalet Bakanl\u0131\u011f\u0131 personel al\u0131m\u0131 sonu\u00e7lar\u0131 ne zaman a\u00e7\u0131klanacak&#8221; sorusu s\u0131k\u00e7a geliyor. \u0130\u015fte beklenen tarihler&#8230;Adalet Bakanl\u0131\u011f\u0131 5 bin personel al\u0131m\u0131 i\u00e7in bekleyi\u015f s\u00fcr\u00fcyor. En \u00e7ok al\u0131m ise infaz koruma memurlu\u011fu kadrosu i\u00e7in [&hellip;]<\/p>\n","protected":false},"author":1,"featured_media":2769,"comment_status":"open","ping_status":"open","sticky":false,"template":"","format":"standard","meta":{"footnotes":"","_links_to":"","_links_to_target":""},"categories":[1],"tags":[],"class_list":["post-2768","post","type-post","status-publish","format-standard","has-post-thumbnail","hentry","category-haberler"],"_links":{"self":[{"href":"https:\/\/www.abchukuk.com\/index.php\/wp-json\/wp\/v2\/posts\/2768","targetHints":{"allow":["GET"]}}],"collection":[{"href":"https:\/\/www.abchukuk.com\/index.php\/wp-json\/wp\/v2\/posts"}],"about":[{"href":"https:\/\/www.abchukuk.com\/index.php\/wp-json\/wp\/v2\/types\/post"}],"author":[{"embeddable":true,"href":"https:\/\/www.abchukuk.com\/index.php\/wp-json\/wp\/v2\/users\/1"}],"replies":[{"embeddable":true,"href":"https:\/\/www.abchukuk.com\/index.php\/wp-json\/wp\/v2\/comments?post=2768"}],"version-history":[{"count":0,"href":"https:\/\/www.abchukuk.com\/index.php\/wp-json\/wp\/v2\/posts\/2768\/revisions"}],"wp:featuredmedia":[{"embeddable":true,"href":"https:\/\/www.abchukuk.com\/index.php\/wp-json\/wp\/v2\/media\/2769"}],"wp:attachment":[{"href":"https:\/\/www.abchukuk.com\/index.php\/wp-json\/wp\/v2\/media?parent=2768"}],"wp:term":[{"taxonomy":"category","embeddable":true,"href":"https:\/\/www.abchukuk.com\/index.php\/wp-json\/wp\/v2\/categories?post=2768"},{"taxonomy":"post_tag","embeddable":true,"href":"https:\/\/www.abchukuk.com\/index.php\/wp-json\/wp\/v2\/tags?post=2768"}],"curies":[{"name":"wp","href":"https:\/\/api.w.org\/{rel}","templated":true}]}}