{"id":27675,"date":"2026-04-28T11:28:00","date_gmt":"2026-04-28T11:28:00","guid":{"rendered":"https:\/\/www.abchukuk.com\/index.php\/2026\/04\/28\/danistay-iasos-yat-limaninin-ced-iptal-kararini-bozdu\/"},"modified":"2026-04-28T11:28:00","modified_gmt":"2026-04-28T11:28:00","slug":"danistay-iasos-yat-limaninin-ced-iptal-kararini-bozdu","status":"publish","type":"post","link":"https:\/\/www.abchukuk.com\/index.php\/2026\/04\/28\/danistay-iasos-yat-limaninin-ced-iptal-kararini-bozdu\/","title":{"rendered":"Dan\u0131\u015ftay, \u0130asos Yat Liman\u0131&#8217;n\u0131n &#8220;\u00c7ED\u201d iptal karar\u0131n\u0131 bozdu"},"content":{"rendered":"<p>Dan\u0131\u015ftay 4. Dairesi, Mu\u011fla B\u00fcy\u00fck\u015fehir Belediyesi taraf\u0131ndan Milas\u2019\u0131n K\u0131y\u0131k\u0131\u015flac\u0131k Mahallesi\u2019nde yap\u0131lmas\u0131 planlanan &#8220;\u0130asos Yat Liman\u0131&#8221; projesine verilen &#8220;\u00c7ED olumlu&#8221; karar\u0131n\u0131n iptali istemiyle a\u00e7t\u0131\u011f\u0131 davada, yerel mahkemenin iptal karar\u0131n\u0131 bozarak davan\u0131n reddine h\u00fckmetti.Dan\u0131\u015ftay 4. Dairesi, Mu\u011fla B\u00fcy\u00fck\u015fehir Belediyesi taraf\u0131ndan Milas\u2019\u0131n K\u0131y\u0131k\u0131\u015flac\u0131k Mahallesi\u2019nde yap\u0131lmas\u0131 planlanan &#8220;\u0130asos Yat Liman\u0131&#8221; projesine verilen &#8220;\u00c7ED olumlu&#8221; karar\u0131n\u0131n iptali istemiyle a\u00e7t\u0131\u011f\u0131 davada, yerel mahkemenin iptal karar\u0131n\u0131 bozarak davan\u0131n reddine h\u00fckmetti.\u00a0<a href=\"https:\/\/www.cumhuriyet.com.tr\/cumhuriyet-in-egesi\/danistay-iasos-yat-limani-nin-ced-iptal-kararini-bozdu-2499217\" target=\"_blank\" class=\"feedzy-rss-link-icon\">Read More<\/a><\/p>","protected":false},"excerpt":{"rendered":"<p>Dan\u0131\u015ftay 4. Dairesi, Mu\u011fla B\u00fcy\u00fck\u015fehir Belediyesi taraf\u0131ndan Milas\u2019\u0131n K\u0131y\u0131k\u0131\u015flac\u0131k Mahallesi\u2019nde yap\u0131lmas\u0131 planlanan &#8220;\u0130asos Yat Liman\u0131&#8221; projesine verilen &#8220;\u00c7ED olumlu&#8221; karar\u0131n\u0131n iptali istemiyle a\u00e7t\u0131\u011f\u0131 davada, yerel mahkemenin iptal karar\u0131n\u0131 bozarak davan\u0131n reddine h\u00fckmetti.Dan\u0131\u015ftay 4. Dairesi, Mu\u011fla B\u00fcy\u00fck\u015fehir Belediyesi taraf\u0131ndan Milas\u2019\u0131n K\u0131y\u0131k\u0131\u015flac\u0131k Mahallesi\u2019nde yap\u0131lmas\u0131 planlanan &#8220;\u0130asos Yat Liman\u0131&#8221; projesine verilen &#8220;\u00c7ED olumlu&#8221; karar\u0131n\u0131n iptali istemiyle a\u00e7t\u0131\u011f\u0131 davada, [&hellip;]<\/p>\n","protected":false},"author":1,"featured_media":27676,"comment_status":"open","ping_status":"open","sticky":false,"template":"","format":"standard","meta":{"footnotes":"","_links_to":"","_links_to_target":""},"categories":[1],"tags":[],"class_list":["post-27675","post","type-post","status-publish","format-standard","has-post-thumbnail","hentry","category-haberler"],"_links":{"self":[{"href":"https:\/\/www.abchukuk.com\/index.php\/wp-json\/wp\/v2\/posts\/27675","targetHints":{"allow":["GET"]}}],"collection":[{"href":"https:\/\/www.abchukuk.com\/index.php\/wp-json\/wp\/v2\/posts"}],"about":[{"href":"https:\/\/www.abchukuk.com\/index.php\/wp-json\/wp\/v2\/types\/post"}],"author":[{"embeddable":true,"href":"https:\/\/www.abchukuk.com\/index.php\/wp-json\/wp\/v2\/users\/1"}],"replies":[{"embeddable":true,"href":"https:\/\/www.abchukuk.com\/index.php\/wp-json\/wp\/v2\/comments?post=27675"}],"version-history":[{"count":0,"href":"https:\/\/www.abchukuk.com\/index.php\/wp-json\/wp\/v2\/posts\/27675\/revisions"}],"wp:featuredmedia":[{"embeddable":true,"href":"https:\/\/www.abchukuk.com\/index.php\/wp-json\/wp\/v2\/media\/27676"}],"wp:attachment":[{"href":"https:\/\/www.abchukuk.com\/index.php\/wp-json\/wp\/v2\/media?parent=27675"}],"wp:term":[{"taxonomy":"category","embeddable":true,"href":"https:\/\/www.abchukuk.com\/index.php\/wp-json\/wp\/v2\/categories?post=27675"},{"taxonomy":"post_tag","embeddable":true,"href":"https:\/\/www.abchukuk.com\/index.php\/wp-json\/wp\/v2\/tags?post=27675"}],"curies":[{"name":"wp","href":"https:\/\/api.w.org\/{rel}","templated":true}]}}