{"id":27674,"date":"2026-04-28T11:28:06","date_gmt":"2026-04-28T11:28:06","guid":{"rendered":"https:\/\/www.abchukuk.com\/index.php\/2026\/04\/28\/mahkeme-kararini-verdi-yedi-yil-sonra-bulunan-cocuk-almanyaya-iade-edilecek\/"},"modified":"2026-04-28T11:28:06","modified_gmt":"2026-04-28T11:28:06","slug":"mahkeme-kararini-verdi-yedi-yil-sonra-bulunan-cocuk-almanyaya-iade-edilecek","status":"publish","type":"post","link":"https:\/\/www.abchukuk.com\/index.php\/2026\/04\/28\/mahkeme-kararini-verdi-yedi-yil-sonra-bulunan-cocuk-almanyaya-iade-edilecek\/","title":{"rendered":"Mahkeme karar\u0131n\u0131 verdi: Yedi y\u0131l sonra bulunan \u00e7ocuk Almanya&#8217;ya iade edilecek"},"content":{"rendered":"<p>Bursa&#8217;da 7 y\u0131ld\u0131r kay\u0131p olarak aranan ve \u00f6zel ekip taraf\u0131ndan y\u0131llar sonra bulunan 8 ya\u015f\u0131ndaki \u00e7ocu\u011fun Almanya uyruklu annesine verilmesine karar verildi.Bursa&#8217;da 7 y\u0131ld\u0131r kay\u0131p olarak aranan ve \u00f6zel ekip taraf\u0131ndan y\u0131llar sonra bulunan 8 ya\u015f\u0131ndaki \u00e7ocu\u011fun Almanya uyruklu annesine verilmesine karar verildi.\u00a0<a href=\"https:\/\/anlatilaninotesi.com.tr\/20260428\/mahkeme-kararini-verdi-yedi-yil-sonra-bulunan-cocuk-almanyaya-iade-edilecek-1105338683.html\" target=\"_blank\" class=\"feedzy-rss-link-icon\">Read More<\/a><\/p>","protected":false},"excerpt":{"rendered":"<p>Bursa&#8217;da 7 y\u0131ld\u0131r kay\u0131p olarak aranan ve \u00f6zel ekip taraf\u0131ndan y\u0131llar sonra bulunan 8 ya\u015f\u0131ndaki \u00e7ocu\u011fun Almanya uyruklu annesine verilmesine karar verildi.Bursa&#8217;da 7 y\u0131ld\u0131r kay\u0131p olarak aranan ve \u00f6zel ekip taraf\u0131ndan y\u0131llar sonra bulunan 8 ya\u015f\u0131ndaki \u00e7ocu\u011fun Almanya uyruklu annesine verilmesine karar verildi.\u00a0Read More<\/p>\n","protected":false},"author":1,"featured_media":0,"comment_status":"open","ping_status":"open","sticky":false,"template":"","format":"standard","meta":{"footnotes":"","_links_to":"","_links_to_target":""},"categories":[1],"tags":[],"class_list":["post-27674","post","type-post","status-publish","format-standard","hentry","category-haberler"],"_links":{"self":[{"href":"https:\/\/www.abchukuk.com\/index.php\/wp-json\/wp\/v2\/posts\/27674","targetHints":{"allow":["GET"]}}],"collection":[{"href":"https:\/\/www.abchukuk.com\/index.php\/wp-json\/wp\/v2\/posts"}],"about":[{"href":"https:\/\/www.abchukuk.com\/index.php\/wp-json\/wp\/v2\/types\/post"}],"author":[{"embeddable":true,"href":"https:\/\/www.abchukuk.com\/index.php\/wp-json\/wp\/v2\/users\/1"}],"replies":[{"embeddable":true,"href":"https:\/\/www.abchukuk.com\/index.php\/wp-json\/wp\/v2\/comments?post=27674"}],"version-history":[{"count":0,"href":"https:\/\/www.abchukuk.com\/index.php\/wp-json\/wp\/v2\/posts\/27674\/revisions"}],"wp:attachment":[{"href":"https:\/\/www.abchukuk.com\/index.php\/wp-json\/wp\/v2\/media?parent=27674"}],"wp:term":[{"taxonomy":"category","embeddable":true,"href":"https:\/\/www.abchukuk.com\/index.php\/wp-json\/wp\/v2\/categories?post=27674"},{"taxonomy":"post_tag","embeddable":true,"href":"https:\/\/www.abchukuk.com\/index.php\/wp-json\/wp\/v2\/tags?post=27674"}],"curies":[{"name":"wp","href":"https:\/\/api.w.org\/{rel}","templated":true}]}}