{"id":27672,"date":"2026-04-28T11:54:00","date_gmt":"2026-04-28T11:54:00","guid":{"rendered":"https:\/\/www.abchukuk.com\/index.php\/2026\/04\/28\/israil-baskonsoloslugu-onundeki-silahli-saldiri-hastanede-tedavisi-tamamlandi-saldirgan-hakkinda-tutuklama-talebi\/"},"modified":"2026-04-28T11:54:00","modified_gmt":"2026-04-28T11:54:00","slug":"israil-baskonsoloslugu-onundeki-silahli-saldiri-hastanede-tedavisi-tamamlandi-saldirgan-hakkinda-tutuklama-talebi","status":"publish","type":"post","link":"https:\/\/www.abchukuk.com\/index.php\/2026\/04\/28\/israil-baskonsoloslugu-onundeki-silahli-saldiri-hastanede-tedavisi-tamamlandi-saldirgan-hakkinda-tutuklama-talebi\/","title":{"rendered":"\u0130srail Ba\u015fkonsoloslu\u011fu \u00f6n\u00fcndeki silahl\u0131 sald\u0131r\u0131&#8230; Hastanede tedavisi tamamland\u0131: Sald\u0131rgan hakk\u0131nda tutuklama talebi"},"content":{"rendered":"<p>Be\u015fikta\u015f&#8217;ta bir plaza \u00f6n\u00fcndeki polis noktas\u0131na y\u00f6nelik ter\u00f6r sald\u0131r\u0131s\u0131na ili\u015fkin g\u00f6zalt\u0131na al\u0131nan sald\u0131rgan Ahmet \u0130mrak tutuklama talebiyle sulh ceza hakimli\u011fine sevk edildi.Be\u015fikta\u015f&#8217;ta bir plaza \u00f6n\u00fcndeki polis noktas\u0131na y\u00f6nelik ter\u00f6r sald\u0131r\u0131s\u0131na ili\u015fkin g\u00f6zalt\u0131na al\u0131nan sald\u0131rgan Ahmet \u0130mrak tutuklama talebiyle sulh ceza hakimli\u011fine sevk edildi.\u00a0<a href=\"https:\/\/www.cumhuriyet.com.tr\/turkiye\/israil-baskonsoloslugu-onundeki-silahli-saldiri-hastanede-tedavisi-tamamlandi-saldirgan-hakkinda-tutuklama-talebi-2499226\" target=\"_blank\" class=\"feedzy-rss-link-icon\">Read More<\/a><\/p>","protected":false},"excerpt":{"rendered":"<p>Be\u015fikta\u015f&#8217;ta bir plaza \u00f6n\u00fcndeki polis noktas\u0131na y\u00f6nelik ter\u00f6r sald\u0131r\u0131s\u0131na ili\u015fkin g\u00f6zalt\u0131na al\u0131nan sald\u0131rgan Ahmet \u0130mrak tutuklama talebiyle sulh ceza hakimli\u011fine sevk edildi.Be\u015fikta\u015f&#8217;ta bir plaza \u00f6n\u00fcndeki polis noktas\u0131na y\u00f6nelik ter\u00f6r sald\u0131r\u0131s\u0131na ili\u015fkin g\u00f6zalt\u0131na al\u0131nan sald\u0131rgan Ahmet \u0130mrak tutuklama talebiyle sulh ceza hakimli\u011fine sevk edildi.\u00a0Read More<\/p>\n","protected":false},"author":1,"featured_media":27673,"comment_status":"open","ping_status":"open","sticky":false,"template":"","format":"standard","meta":{"footnotes":"","_links_to":"","_links_to_target":""},"categories":[1],"tags":[],"class_list":["post-27672","post","type-post","status-publish","format-standard","has-post-thumbnail","hentry","category-haberler"],"_links":{"self":[{"href":"https:\/\/www.abchukuk.com\/index.php\/wp-json\/wp\/v2\/posts\/27672","targetHints":{"allow":["GET"]}}],"collection":[{"href":"https:\/\/www.abchukuk.com\/index.php\/wp-json\/wp\/v2\/posts"}],"about":[{"href":"https:\/\/www.abchukuk.com\/index.php\/wp-json\/wp\/v2\/types\/post"}],"author":[{"embeddable":true,"href":"https:\/\/www.abchukuk.com\/index.php\/wp-json\/wp\/v2\/users\/1"}],"replies":[{"embeddable":true,"href":"https:\/\/www.abchukuk.com\/index.php\/wp-json\/wp\/v2\/comments?post=27672"}],"version-history":[{"count":0,"href":"https:\/\/www.abchukuk.com\/index.php\/wp-json\/wp\/v2\/posts\/27672\/revisions"}],"wp:featuredmedia":[{"embeddable":true,"href":"https:\/\/www.abchukuk.com\/index.php\/wp-json\/wp\/v2\/media\/27673"}],"wp:attachment":[{"href":"https:\/\/www.abchukuk.com\/index.php\/wp-json\/wp\/v2\/media?parent=27672"}],"wp:term":[{"taxonomy":"category","embeddable":true,"href":"https:\/\/www.abchukuk.com\/index.php\/wp-json\/wp\/v2\/categories?post=27672"},{"taxonomy":"post_tag","embeddable":true,"href":"https:\/\/www.abchukuk.com\/index.php\/wp-json\/wp\/v2\/tags?post=27672"}],"curies":[{"name":"wp","href":"https:\/\/api.w.org\/{rel}","templated":true}]}}