{"id":27656,"date":"2026-04-28T10:57:58","date_gmt":"2026-04-28T10:57:58","guid":{"rendered":"https:\/\/www.abchukuk.com\/index.php\/2026\/04\/28\/bakan-gurlekten-hukuki-guvence-vurgusu-ile-yatirim-ve-yargi-mesaji\/"},"modified":"2026-04-28T10:57:58","modified_gmt":"2026-04-28T10:57:58","slug":"bakan-gurlekten-hukuki-guvence-vurgusu-ile-yatirim-ve-yargi-mesaji","status":"publish","type":"post","link":"https:\/\/www.abchukuk.com\/index.php\/2026\/04\/28\/bakan-gurlekten-hukuki-guvence-vurgusu-ile-yatirim-ve-yargi-mesaji\/","title":{"rendered":"BAKAN G\u00dcRLEK\u2019TEN HUKUK\u0130 G\u00dcVENCE VURGUSU \u0130LE YATIRIM VE YARGI MESAJI"},"content":{"rendered":"<p class=\"p1\"><span class=\"s2\">SON.TV \/ANKARA<\/span><\/p>\n<p class=\"p1\"><span class=\"s2\">Adalet Bakan\u0131 Ak\u0131n G\u00fcrlek M\u00dcS\u0130AD Genel Merkezi\u2019nde ger\u00e7ekle\u015ftirilen \u201cTicaret ve Yat\u0131r\u0131mda Hukuki G\u00fcvence Zirvesi\u201dnde i\u015f d\u00fcnyas\u0131n\u0131n temsilcileriyle bir araya geldi.<\/span><\/p>\n<p><img fetchpriority=\"high\" decoding=\"async\" class=\"alignnone size-medium wp-image-171476\" src=\"https:\/\/www.son.tv\/wp-content\/uploads\/2026\/04\/IMG_0047-300x169.webp\" alt=\"\" width=\"300\" height=\"169\" \/>YARGI REFORMU VE EKONOM\u0130K KALKINMA VURGUSU<\/p>\n<p><span class=\"s2\">Zirvede yarg\u0131 sistemine ili\u015fkin \u00f6nemli mesajlar veren G\u00fcrlek,hukuk sisteminin ekonomik kalk\u0131nmadaki rol\u00fcne dikkat \u00e7ekti. G\u00fcrlek, yat\u0131r\u0131m ortam\u0131n\u0131n g\u00fc\u00e7lenmesi i\u00e7in g\u00fcven veren ve h\u0131zl\u0131 i\u015fleyen bir yarg\u0131 sisteminin \u015fart oldu\u011funu vurgulad\u0131.<\/span>Zirveye ili\u015fkin de\u011ferlendirmelerini sosyal medya hesab\u0131ndan payla\u015fan G\u00fcrlek, hukuk sisteminde d\u00f6n\u00fc\u015f\u00fcm hedeflerini ve yat\u0131r\u0131m ortam\u0131na y\u00f6nelik mesajlar\u0131n\u0131 kamuoyuyla payla\u015ft\u0131.<\/p>\n<p>\u201cDAHA HIZLI VE G\u00dcVEN VEREN ADALET S\u0130STEM\u0130\u201d<\/p>\n<p>Bakan G\u00fcrlek, payla\u015f\u0131m\u0131nda T\u00fcrkiye\u2019nin yat\u0131r\u0131m ve \u00fcretim ortam\u0131n\u0131 g\u00fc\u00e7lendirmek ad\u0131na yarg\u0131 sisteminde \u00f6nemli ad\u0131mlar att\u0131klar\u0131n\u0131 belirterek, \u201cHedefimiz; daha h\u0131zl\u0131, daha \u00f6ng\u00f6r\u00fclebilir ve daha g\u00fcven veren bir adalet sistemi in\u015fa ederek yat\u0131r\u0131m ve \u00fcretim ortam\u0131m\u0131z\u0131 g\u00fc\u00e7lendirmektir\u201d ifadelerini kulland\u0131.<\/p>\n<p>T\u0130CAR\u0130 DAVALARDA YEN\u0130 D\u00d6NEM<\/p>\n<p>Yarg\u0131 s\u00fcre\u00e7lerinde sadele\u015fme ve h\u0131zlanma hedeflerine dikkat \u00e7eken G\u00fcrlek, ticari davalara ili\u015fkin y\u00fcr\u00fct\u00fclen \u00e7al\u0131\u015fmalar\u0131 \u015fu s\u00f6zlerle aktard\u0131: \u201cTicari davalarda s\u00fcre\u00e7leri sadele\u015ftiriyor, h\u0131zland\u0131r\u0131yor, mahkemelerimizi ihtisasla\u015fm\u0131\u015f bir yap\u0131ya kavu\u015fturuyor, dijitalle\u015fmeyle yarg\u0131 s\u00fcre\u00e7lerini daha etkin hale getiriyoruz.\u201d<\/p>\n<p><img decoding=\"async\" class=\"alignnone size-medium wp-image-171475\" src=\"https:\/\/www.son.tv\/wp-content\/uploads\/2026\/04\/IMG_0028-300x169.webp\" alt=\"\" width=\"300\" height=\"169\" \/><\/p>\n<p>\u00a0<\/p>\n<p>M\u00dcS\u0130AD\u2019A TE\u015eEKK\u00dcR MESAJI<\/p>\n<p>Zirveye ev sahipli\u011fi yapan M\u00dcS\u0130AD y\u00f6netimine de te\u015fekk\u00fcr eden G\u00fcrlek, Genel Ba\u015fkan Burhan \u00d6zdemir ve ekibine nazik ev sahiplikleri dolay\u0131s\u0131yla te\u015fekk\u00fcrlerini iletti.<\/p>\n<p>\u201c\u0130\u015e D\u00dcNYASININ G\u00d6R\u00dc\u015eLER\u0130 KIYMETL\u0130\u201d<\/p>\n<p>\u0130\u015f d\u00fcnyas\u0131yla kurulan isti\u015fare mekanizmas\u0131n\u0131n \u00f6nemine vurgu yapan G\u00fcrlek, \u201c\u0130\u015f d\u00fcnyam\u0131zdan gelecek g\u00f6r\u00fc\u015f ve \u00f6nerileri k\u0131ymetli buluyoruz. Bu g\u00fc\u00e7l\u00fc isti\u015fare zemininin hem hukuk sistemimizi hem de ekonomik yap\u0131m\u0131z\u0131 daha sa\u011flam temeller \u00fczerine ta\u015f\u0131yaca\u011f\u0131na inan\u0131yoruz\u201d dedi.<\/p>\n<p><img decoding=\"async\" class=\"alignnone size-medium wp-image-171478\" src=\"https:\/\/www.son.tv\/wp-content\/uploads\/2026\/04\/IMG_0046-300x171.webp\" alt=\"\" width=\"300\" height=\"171\" \/>T\u00dcRK\u0130YE Y\u00dcZYILI V\u0130ZYONU VURGUSU<\/p>\n<p>Bakan G\u00fcrlek, a\u00e7\u0131klamas\u0131n\u0131n sonunda Recep Tayyip Erdo\u011fan liderli\u011finde y\u00fcr\u00fct\u00fclen T\u00fcrkiye Y\u00fczy\u0131l\u0131 vizyonuna dikkat \u00e7ekerek, hukuki g\u00fcvenli\u011fi art\u0131ran ve yat\u0131r\u0131mc\u0131 dostu sistemin daha da g\u00fc\u00e7lendirilece\u011fini ifade etti.<\/p>\n<p class=\"p1\"><span class=\"s2\">ET\u0130KETLER:<\/span><\/p>\n<p class=\"p1\"><span class=\"s2\">#Ak\u0131nG\u00fcrlek #AdaletBakanl\u0131\u011f\u0131 #M\u00dcS\u0130AD #HukukiG\u00fcvence #Yarg\u0131Reformu #TicaretMahkemeleri #Ekonomi #Yat\u0131r\u0131m #HukukSistemi<\/span><\/p>\n<p>Adalet Bakan\u0131 Ak\u0131n G\u00fcrlek, M\u00dcS\u0130AD Genel Merkezi&#8217;nde d\u00fczenlenen &#8220;Ticaret ve Yat\u0131r\u0131mda Hukuki G\u00fcvence Zirvesi&#8221;ne kat\u0131ld\u0131.G\u00fcrlek konu\u015fmas\u0131nda,\u201cSermayeyi \u00fclkede tutan en \u00f6nemli unsur hukuki g\u00fcvencedir.\u201d dedi.\u00a0<a href=\"https:\/\/www.son.tv\/bakan-gurlekten-hukuki-guvence-vurgusu-ile-yatirim-ve-yargi-mesaji\/\" target=\"_blank\" class=\"feedzy-rss-link-icon\">Read More<\/a><\/p>","protected":false},"excerpt":{"rendered":"<p>SON.TV \/ANKARA Adalet Bakan\u0131 Ak\u0131n G\u00fcrlek M\u00dcS\u0130AD Genel Merkezi\u2019nde ger\u00e7ekle\u015ftirilen \u201cTicaret ve Yat\u0131r\u0131mda Hukuki G\u00fcvence Zirvesi\u201dnde i\u015f d\u00fcnyas\u0131n\u0131n temsilcileriyle bir araya geldi. YARGI REFORMU VE EKONOM\u0130K KALKINMA VURGUSU Zirvede yarg\u0131 sistemine ili\u015fkin \u00f6nemli mesajlar veren G\u00fcrlek,hukuk sisteminin ekonomik kalk\u0131nmadaki rol\u00fcne dikkat \u00e7ekti. G\u00fcrlek, yat\u0131r\u0131m ortam\u0131n\u0131n g\u00fc\u00e7lenmesi i\u00e7in g\u00fcven veren ve h\u0131zl\u0131 i\u015fleyen bir yarg\u0131 sisteminin [&hellip;]<\/p>\n","protected":false},"author":1,"featured_media":27645,"comment_status":"open","ping_status":"open","sticky":false,"template":"","format":"standard","meta":{"footnotes":"","_links_to":"","_links_to_target":""},"categories":[1],"tags":[],"class_list":["post-27656","post","type-post","status-publish","format-standard","has-post-thumbnail","hentry","category-haberler"],"_links":{"self":[{"href":"https:\/\/www.abchukuk.com\/index.php\/wp-json\/wp\/v2\/posts\/27656","targetHints":{"allow":["GET"]}}],"collection":[{"href":"https:\/\/www.abchukuk.com\/index.php\/wp-json\/wp\/v2\/posts"}],"about":[{"href":"https:\/\/www.abchukuk.com\/index.php\/wp-json\/wp\/v2\/types\/post"}],"author":[{"embeddable":true,"href":"https:\/\/www.abchukuk.com\/index.php\/wp-json\/wp\/v2\/users\/1"}],"replies":[{"embeddable":true,"href":"https:\/\/www.abchukuk.com\/index.php\/wp-json\/wp\/v2\/comments?post=27656"}],"version-history":[{"count":0,"href":"https:\/\/www.abchukuk.com\/index.php\/wp-json\/wp\/v2\/posts\/27656\/revisions"}],"wp:featuredmedia":[{"embeddable":true,"href":"https:\/\/www.abchukuk.com\/index.php\/wp-json\/wp\/v2\/media\/27645"}],"wp:attachment":[{"href":"https:\/\/www.abchukuk.com\/index.php\/wp-json\/wp\/v2\/media?parent=27656"}],"wp:term":[{"taxonomy":"category","embeddable":true,"href":"https:\/\/www.abchukuk.com\/index.php\/wp-json\/wp\/v2\/categories?post=27656"},{"taxonomy":"post_tag","embeddable":true,"href":"https:\/\/www.abchukuk.com\/index.php\/wp-json\/wp\/v2\/tags?post=27656"}],"curies":[{"name":"wp","href":"https:\/\/api.w.org\/{rel}","templated":true}]}}