{"id":27638,"date":"2026-04-28T08:31:00","date_gmt":"2026-04-28T08:31:00","guid":{"rendered":"https:\/\/www.abchukuk.com\/index.php\/2026\/04\/28\/adalet-bakanligi-15-bin-personel-alimi-ilani-yayimlandi-mi-basvuru-hangi-tarihte-baslayacak\/"},"modified":"2026-04-28T08:31:00","modified_gmt":"2026-04-28T08:31:00","slug":"adalet-bakanligi-15-bin-personel-alimi-ilani-yayimlandi-mi-basvuru-hangi-tarihte-baslayacak","status":"publish","type":"post","link":"https:\/\/www.abchukuk.com\/index.php\/2026\/04\/28\/adalet-bakanligi-15-bin-personel-alimi-ilani-yayimlandi-mi-basvuru-hangi-tarihte-baslayacak\/","title":{"rendered":"Adalet Bakanl\u0131\u011f\u0131 15 bin personel al\u0131m\u0131 ilan\u0131 yay\u0131mland\u0131 m\u0131, ba\u015fvuru hangi tarihte ba\u015flayacak?"},"content":{"rendered":"<p>Y\u00fcz binlerin g\u00f6z\u00fc Adalet Bakanl\u0131\u011f\u0131nda&#8230; S\u00f6zle\u015fmeli personel al\u0131m ilan\u0131 i\u00e7in adaylar s\u0131rada bekliyor. Bakanl\u0131\u011f\u0131n sosyal medya mecralar\u0131 ve resmi sitesi kontrol edilirken cevap aranan soru &#8220;Adalet Bakanl\u0131\u011f\u0131 15 bin personel al\u0131m\u0131 ba\u015fvurular\u0131 ne zaman&#8221; oluyor.Y\u00fcz binlerin g\u00f6z\u00fc Adalet Bakanl\u0131\u011f\u0131nda&#8230; S\u00f6zle\u015fmeli personel al\u0131m ilan\u0131 i\u00e7in adaylar s\u0131rada bekliyor. Bakanl\u0131\u011f\u0131n sosyal medya mecralar\u0131 ve resmi sitesi kontrol edilirken cevap aranan soru &#8220;Adalet Bakanl\u0131\u011f\u0131 15 bin personel al\u0131m\u0131 ba\u015fvurular\u0131 ne zaman&#8221; oluyor.\u00a0<a href=\"https:\/\/www.dunya.com\/gundem\/adalet-bakanligi-15-bin-personel-alimi-ilani-yayimlandi-mi-basvuru-hangi-tarihte-baslayacak-haberi-823171\" target=\"_blank\" class=\"feedzy-rss-link-icon\">Read More<\/a><\/p>","protected":false},"excerpt":{"rendered":"<p>Y\u00fcz binlerin g\u00f6z\u00fc Adalet Bakanl\u0131\u011f\u0131nda&#8230; S\u00f6zle\u015fmeli personel al\u0131m ilan\u0131 i\u00e7in adaylar s\u0131rada bekliyor. Bakanl\u0131\u011f\u0131n sosyal medya mecralar\u0131 ve resmi sitesi kontrol edilirken cevap aranan soru &#8220;Adalet Bakanl\u0131\u011f\u0131 15 bin personel al\u0131m\u0131 ba\u015fvurular\u0131 ne zaman&#8221; oluyor.Y\u00fcz binlerin g\u00f6z\u00fc Adalet Bakanl\u0131\u011f\u0131nda&#8230; S\u00f6zle\u015fmeli personel al\u0131m ilan\u0131 i\u00e7in adaylar s\u0131rada bekliyor. Bakanl\u0131\u011f\u0131n sosyal medya mecralar\u0131 ve resmi sitesi kontrol [&hellip;]<\/p>\n","protected":false},"author":1,"featured_media":27639,"comment_status":"open","ping_status":"open","sticky":false,"template":"","format":"standard","meta":{"footnotes":"","_links_to":"","_links_to_target":""},"categories":[1],"tags":[],"class_list":["post-27638","post","type-post","status-publish","format-standard","has-post-thumbnail","hentry","category-haberler"],"_links":{"self":[{"href":"https:\/\/www.abchukuk.com\/index.php\/wp-json\/wp\/v2\/posts\/27638","targetHints":{"allow":["GET"]}}],"collection":[{"href":"https:\/\/www.abchukuk.com\/index.php\/wp-json\/wp\/v2\/posts"}],"about":[{"href":"https:\/\/www.abchukuk.com\/index.php\/wp-json\/wp\/v2\/types\/post"}],"author":[{"embeddable":true,"href":"https:\/\/www.abchukuk.com\/index.php\/wp-json\/wp\/v2\/users\/1"}],"replies":[{"embeddable":true,"href":"https:\/\/www.abchukuk.com\/index.php\/wp-json\/wp\/v2\/comments?post=27638"}],"version-history":[{"count":0,"href":"https:\/\/www.abchukuk.com\/index.php\/wp-json\/wp\/v2\/posts\/27638\/revisions"}],"wp:featuredmedia":[{"embeddable":true,"href":"https:\/\/www.abchukuk.com\/index.php\/wp-json\/wp\/v2\/media\/27639"}],"wp:attachment":[{"href":"https:\/\/www.abchukuk.com\/index.php\/wp-json\/wp\/v2\/media?parent=27638"}],"wp:term":[{"taxonomy":"category","embeddable":true,"href":"https:\/\/www.abchukuk.com\/index.php\/wp-json\/wp\/v2\/categories?post=27638"},{"taxonomy":"post_tag","embeddable":true,"href":"https:\/\/www.abchukuk.com\/index.php\/wp-json\/wp\/v2\/tags?post=27638"}],"curies":[{"name":"wp","href":"https:\/\/api.w.org\/{rel}","templated":true}]}}