{"id":27636,"date":"2026-04-28T08:33:00","date_gmt":"2026-04-28T08:33:00","guid":{"rendered":"https:\/\/www.abchukuk.com\/index.php\/2026\/04\/28\/dem-partiden-28-nisan-icin-kanun-teklifi-anma-ve-yas-gunu-ilan-edilsin\/"},"modified":"2026-04-28T08:33:00","modified_gmt":"2026-04-28T08:33:00","slug":"dem-partiden-28-nisan-icin-kanun-teklifi-anma-ve-yas-gunu-ilan-edilsin","status":"publish","type":"post","link":"https:\/\/www.abchukuk.com\/index.php\/2026\/04\/28\/dem-partiden-28-nisan-icin-kanun-teklifi-anma-ve-yas-gunu-ilan-edilsin\/","title":{"rendered":"DEM Parti&#8217;den &#8217;28 Nisan&#8217; i\u00e7in kanun teklifi: &#8216;Anma ve yas g\u00fcn\u00fc ilan edilsin&#8217;"},"content":{"rendered":"<p>DEM Parti \u0130stanbul Milletvekili Cengiz \u00c7i\u00e7ek, 28 Nisan&#8217;\u0131n i\u015f cinayetlerinde ya\u015fam\u0131n\u0131 yitirenler i\u00e7in anma ve yas g\u00fcn\u00fc ilan edilmesi i\u00e7in kanun teklifi verdi.DEM Parti \u0130stanbul Milletvekili Cengiz \u00c7i\u00e7ek, 28 Nisan&#8217;\u0131n i\u015f cinayetlerinde ya\u015fam\u0131n\u0131 yitirenler i\u00e7in anma ve yas g\u00fcn\u00fc ilan edilmesi i\u00e7in kanun teklifi verdi.\u00a0<a href=\"https:\/\/www.cumhuriyet.com.tr\/siyaset\/dem-parti-den-28-nisan-icin-kanun-teklifi-anma-ve-yas-gunu-ilan-edilsin-2499159\" target=\"_blank\" class=\"feedzy-rss-link-icon\">Read More<\/a><\/p>","protected":false},"excerpt":{"rendered":"<p>DEM Parti \u0130stanbul Milletvekili Cengiz \u00c7i\u00e7ek, 28 Nisan&#8217;\u0131n i\u015f cinayetlerinde ya\u015fam\u0131n\u0131 yitirenler i\u00e7in anma ve yas g\u00fcn\u00fc ilan edilmesi i\u00e7in kanun teklifi verdi.DEM Parti \u0130stanbul Milletvekili Cengiz \u00c7i\u00e7ek, 28 Nisan&#8217;\u0131n i\u015f cinayetlerinde ya\u015fam\u0131n\u0131 yitirenler i\u00e7in anma ve yas g\u00fcn\u00fc ilan edilmesi i\u00e7in kanun teklifi verdi.\u00a0Read More<\/p>\n","protected":false},"author":1,"featured_media":27637,"comment_status":"open","ping_status":"open","sticky":false,"template":"","format":"standard","meta":{"footnotes":"","_links_to":"","_links_to_target":""},"categories":[1],"tags":[],"class_list":["post-27636","post","type-post","status-publish","format-standard","has-post-thumbnail","hentry","category-haberler"],"_links":{"self":[{"href":"https:\/\/www.abchukuk.com\/index.php\/wp-json\/wp\/v2\/posts\/27636","targetHints":{"allow":["GET"]}}],"collection":[{"href":"https:\/\/www.abchukuk.com\/index.php\/wp-json\/wp\/v2\/posts"}],"about":[{"href":"https:\/\/www.abchukuk.com\/index.php\/wp-json\/wp\/v2\/types\/post"}],"author":[{"embeddable":true,"href":"https:\/\/www.abchukuk.com\/index.php\/wp-json\/wp\/v2\/users\/1"}],"replies":[{"embeddable":true,"href":"https:\/\/www.abchukuk.com\/index.php\/wp-json\/wp\/v2\/comments?post=27636"}],"version-history":[{"count":0,"href":"https:\/\/www.abchukuk.com\/index.php\/wp-json\/wp\/v2\/posts\/27636\/revisions"}],"wp:featuredmedia":[{"embeddable":true,"href":"https:\/\/www.abchukuk.com\/index.php\/wp-json\/wp\/v2\/media\/27637"}],"wp:attachment":[{"href":"https:\/\/www.abchukuk.com\/index.php\/wp-json\/wp\/v2\/media?parent=27636"}],"wp:term":[{"taxonomy":"category","embeddable":true,"href":"https:\/\/www.abchukuk.com\/index.php\/wp-json\/wp\/v2\/categories?post=27636"},{"taxonomy":"post_tag","embeddable":true,"href":"https:\/\/www.abchukuk.com\/index.php\/wp-json\/wp\/v2\/tags?post=27636"}],"curies":[{"name":"wp","href":"https:\/\/api.w.org\/{rel}","templated":true}]}}