{"id":27620,"date":"2026-04-27T21:16:47","date_gmt":"2026-04-27T21:16:47","guid":{"rendered":"https:\/\/www.abchukuk.com\/index.php\/2026\/04\/27\/adalet-bakanligi-personel-alimi-basvurulari-basladi-mi\/"},"modified":"2026-04-27T21:16:47","modified_gmt":"2026-04-27T21:16:47","slug":"adalet-bakanligi-personel-alimi-basvurulari-basladi-mi","status":"publish","type":"post","link":"https:\/\/www.abchukuk.com\/index.php\/2026\/04\/27\/adalet-bakanligi-personel-alimi-basvurulari-basladi-mi\/","title":{"rendered":"Adalet Bakanl\u0131\u011f\u0131 personel al\u0131m\u0131 ba\u015fvurular\u0131 ba\u015flad\u0131 m\u0131?"},"content":{"rendered":"<p>Adalet Bakanl\u0131\u011f\u0131 b\u00fcnyesinde 2026 y\u0131l\u0131 i\u00e7in planlanan 15 bin personel al\u0131m\u0131na ili\u015fkin ara\u015ft\u0131rmalar h\u0131z kesmeden devam ediyor. Adliyeler ve ceza infaz kurumlar\u0131nda g\u00f6revlendirilecek kadrolar\u0131n detaylar\u0131n\u0131n, ba\u015fvuru \u015fartlar\u0131n\u0131n ve ba\u015fvuru takviminin yay\u0131mlanacak ilanla birlikte netle\u015fmesi bekleniyor. Bu do\u011frultuda \u201cAdalet Bakanl\u0131\u011f\u0131 personel al\u0131m\u0131 ne zaman ba\u015flayacak, ba\u015fvuru \u015fartlar\u0131 nas\u0131l olacak?\u201d sorular\u0131na yan\u0131t aran\u0131yor. \u0130\u015fte t\u00fcm ayr\u0131nt\u0131lar&#8230;Adalet Bakanl\u0131\u011f\u0131 b\u00fcnyesinde 2026 y\u0131l\u0131 i\u00e7in planlanan 15 bin personel al\u0131m\u0131na ili\u015fkin ara\u015ft\u0131rmalar h\u0131z kesmeden devam ediyor. Adliyeler ve ceza infaz kurumlar\u0131nda g\u00f6revlendirilecek kadrolar\u0131n detaylar\u0131n\u0131n, ba\u015fvuru \u015fartlar\u0131n\u0131n ve ba\u015fvuru takviminin yay\u0131mlanacak ilanla birlikte netle\u015fmesi bekleniyor. Bu do\u011frultuda \u201cAdalet Bakanl\u0131\u011f\u0131 personel al\u0131m\u0131 ne zaman ba\u015flayacak, ba\u015fvuru \u015fartlar\u0131 nas\u0131l olacak?\u201d sorular\u0131na yan\u0131t aran\u0131yor. \u0130\u015fte t\u00fcm ayr\u0131nt\u0131lar&#8230;\u00a0<a href=\"https:\/\/www.haberturk.com\/adalet-bakanligi-personel-alimi-basvurulari-ne-zaman-2026-adalet-bakanligi-15-bin-personel-alimi-basvuru-sartlari-nedir-kadro-dagilimi-nasil-olacak-3880508\" target=\"_blank\" class=\"feedzy-rss-link-icon\">Read More<\/a><\/p>","protected":false},"excerpt":{"rendered":"<p>Adalet Bakanl\u0131\u011f\u0131 b\u00fcnyesinde 2026 y\u0131l\u0131 i\u00e7in planlanan 15 bin personel al\u0131m\u0131na ili\u015fkin ara\u015ft\u0131rmalar h\u0131z kesmeden devam ediyor. Adliyeler ve ceza infaz kurumlar\u0131nda g\u00f6revlendirilecek kadrolar\u0131n detaylar\u0131n\u0131n, ba\u015fvuru \u015fartlar\u0131n\u0131n ve ba\u015fvuru takviminin yay\u0131mlanacak ilanla birlikte netle\u015fmesi bekleniyor. Bu do\u011frultuda \u201cAdalet Bakanl\u0131\u011f\u0131 personel al\u0131m\u0131 ne zaman ba\u015flayacak, ba\u015fvuru \u015fartlar\u0131 nas\u0131l olacak?\u201d sorular\u0131na yan\u0131t aran\u0131yor. \u0130\u015fte t\u00fcm ayr\u0131nt\u0131lar&#8230;Adalet Bakanl\u0131\u011f\u0131 [&hellip;]<\/p>\n","protected":false},"author":1,"featured_media":0,"comment_status":"open","ping_status":"open","sticky":false,"template":"","format":"standard","meta":{"footnotes":"","_links_to":"","_links_to_target":""},"categories":[1],"tags":[],"class_list":["post-27620","post","type-post","status-publish","format-standard","hentry","category-haberler"],"_links":{"self":[{"href":"https:\/\/www.abchukuk.com\/index.php\/wp-json\/wp\/v2\/posts\/27620","targetHints":{"allow":["GET"]}}],"collection":[{"href":"https:\/\/www.abchukuk.com\/index.php\/wp-json\/wp\/v2\/posts"}],"about":[{"href":"https:\/\/www.abchukuk.com\/index.php\/wp-json\/wp\/v2\/types\/post"}],"author":[{"embeddable":true,"href":"https:\/\/www.abchukuk.com\/index.php\/wp-json\/wp\/v2\/users\/1"}],"replies":[{"embeddable":true,"href":"https:\/\/www.abchukuk.com\/index.php\/wp-json\/wp\/v2\/comments?post=27620"}],"version-history":[{"count":0,"href":"https:\/\/www.abchukuk.com\/index.php\/wp-json\/wp\/v2\/posts\/27620\/revisions"}],"wp:attachment":[{"href":"https:\/\/www.abchukuk.com\/index.php\/wp-json\/wp\/v2\/media?parent=27620"}],"wp:term":[{"taxonomy":"category","embeddable":true,"href":"https:\/\/www.abchukuk.com\/index.php\/wp-json\/wp\/v2\/categories?post=27620"},{"taxonomy":"post_tag","embeddable":true,"href":"https:\/\/www.abchukuk.com\/index.php\/wp-json\/wp\/v2\/tags?post=27620"}],"curies":[{"name":"wp","href":"https:\/\/api.w.org\/{rel}","templated":true}]}}