{"id":27619,"date":"2026-04-27T21:17:52","date_gmt":"2026-04-27T21:17:52","guid":{"rendered":"https:\/\/www.abchukuk.com\/index.php\/2026\/04\/27\/12-yargi-paketi-son-gelismeler\/"},"modified":"2026-04-27T21:17:52","modified_gmt":"2026-04-27T21:17:52","slug":"12-yargi-paketi-son-gelismeler","status":"publish","type":"post","link":"https:\/\/www.abchukuk.com\/index.php\/2026\/04\/27\/12-yargi-paketi-son-gelismeler\/","title":{"rendered":"12. Yarg\u0131 Paketi son geli\u015fmeler"},"content":{"rendered":"<p>12. Yarg\u0131 Paketi, yarg\u0131 reformu kapsam\u0131nda kamuoyunun en \u00e7ok takip etti\u011fi d\u00fczenlemeler aras\u0131nda yer al\u0131yor. \u0130nfaz sistemi, su\u00e7a s\u00fcr\u00fcklenen \u00e7ocuklara y\u00f6nelik h\u00fck\u00fcmler, nitelikli doland\u0131r\u0131c\u0131l\u0131k ve noterlik i\u015flemlerine ili\u015fkin de\u011fi\u015fikliklerin yer ald\u0131\u011f\u0131 paketin yakla\u015f\u0131k 38 maddeden olu\u015ftu\u011fu belirtiliyor. Konuya dair a\u00e7\u0131klamalarda bulunan Adalet Bakan\u0131 Ak\u0131n G\u00fcrlek, noterlerin yarg\u0131 s\u00fcre\u00e7lerinin daha h\u0131zl\u0131 i\u015flemesine y\u00f6nelik sundu\u011fu somut \u00f6nerilerin de\u011ferli oldu\u011funu ifade ederek bu alandaki \u00e7al\u0131\u015fmalar\u0131n devam etti\u011fini belirtti. Peki, 12. Yarg\u0131 Paketi ne zaman yasala\u015facak, Meclis\u2019ten ge\u00e7ti mi, i\u00e7eri\u011finde hangi maddeler yer al\u0131yor? \u0130\u015fte t\u00fcm detaylar&#8230;12. Yarg\u0131 Paketi, yarg\u0131 reformu kapsam\u0131nda kamuoyunun en \u00e7ok takip etti\u011fi d\u00fczenlemeler aras\u0131nda yer al\u0131yor. \u0130nfaz sistemi, su\u00e7a s\u00fcr\u00fcklenen \u00e7ocuklara y\u00f6nelik h\u00fck\u00fcmler, nitelikli doland\u0131r\u0131c\u0131l\u0131k ve noterlik i\u015flemlerine ili\u015fkin de\u011fi\u015fikliklerin yer ald\u0131\u011f\u0131 paketin yakla\u015f\u0131k 38 maddeden olu\u015ftu\u011fu belirtiliyor. Konuya dair a\u00e7\u0131klamalarda bulunan Adalet Bakan\u0131 Ak\u0131n G\u00fcrlek, noterlerin yarg\u0131 s\u00fcre\u00e7lerinin daha h\u0131zl\u0131 i\u015flemesine y\u00f6nelik sundu\u011fu somut \u00f6nerilerin de\u011ferli oldu\u011funu ifade ederek bu alandaki \u00e7al\u0131\u015fmalar\u0131n devam etti\u011fini belirtti. Peki, 12. Yarg\u0131 Paketi ne zaman yasala\u015facak, Meclis\u2019ten ge\u00e7ti mi, i\u00e7eri\u011finde hangi maddeler yer al\u0131yor? \u0130\u015fte t\u00fcm detaylar&#8230;\u00a0<a href=\"https:\/\/www.haberturk.com\/12-yargi-paketi-son-dakika-12-yargi-paketi-ne-zaman-cikacak-maddeleri-neler-yeni-yargi-paketi-meclis-ten-gecti-mi-af-var-mi-ve-infaz-duzenlemesi-gelecek-mi-3880582\" target=\"_blank\" class=\"feedzy-rss-link-icon\">Read More<\/a><\/p>","protected":false},"excerpt":{"rendered":"<p>12. Yarg\u0131 Paketi, yarg\u0131 reformu kapsam\u0131nda kamuoyunun en \u00e7ok takip etti\u011fi d\u00fczenlemeler aras\u0131nda yer al\u0131yor. \u0130nfaz sistemi, su\u00e7a s\u00fcr\u00fcklenen \u00e7ocuklara y\u00f6nelik h\u00fck\u00fcmler, nitelikli doland\u0131r\u0131c\u0131l\u0131k ve noterlik i\u015flemlerine ili\u015fkin de\u011fi\u015fikliklerin yer ald\u0131\u011f\u0131 paketin yakla\u015f\u0131k 38 maddeden olu\u015ftu\u011fu belirtiliyor. Konuya dair a\u00e7\u0131klamalarda bulunan Adalet Bakan\u0131 Ak\u0131n G\u00fcrlek, noterlerin yarg\u0131 s\u00fcre\u00e7lerinin daha h\u0131zl\u0131 i\u015flemesine y\u00f6nelik sundu\u011fu somut \u00f6nerilerin [&hellip;]<\/p>\n","protected":false},"author":1,"featured_media":0,"comment_status":"open","ping_status":"open","sticky":false,"template":"","format":"standard","meta":{"footnotes":"","_links_to":"","_links_to_target":""},"categories":[1],"tags":[],"class_list":["post-27619","post","type-post","status-publish","format-standard","hentry","category-haberler"],"_links":{"self":[{"href":"https:\/\/www.abchukuk.com\/index.php\/wp-json\/wp\/v2\/posts\/27619","targetHints":{"allow":["GET"]}}],"collection":[{"href":"https:\/\/www.abchukuk.com\/index.php\/wp-json\/wp\/v2\/posts"}],"about":[{"href":"https:\/\/www.abchukuk.com\/index.php\/wp-json\/wp\/v2\/types\/post"}],"author":[{"embeddable":true,"href":"https:\/\/www.abchukuk.com\/index.php\/wp-json\/wp\/v2\/users\/1"}],"replies":[{"embeddable":true,"href":"https:\/\/www.abchukuk.com\/index.php\/wp-json\/wp\/v2\/comments?post=27619"}],"version-history":[{"count":0,"href":"https:\/\/www.abchukuk.com\/index.php\/wp-json\/wp\/v2\/posts\/27619\/revisions"}],"wp:attachment":[{"href":"https:\/\/www.abchukuk.com\/index.php\/wp-json\/wp\/v2\/media?parent=27619"}],"wp:term":[{"taxonomy":"category","embeddable":true,"href":"https:\/\/www.abchukuk.com\/index.php\/wp-json\/wp\/v2\/categories?post=27619"},{"taxonomy":"post_tag","embeddable":true,"href":"https:\/\/www.abchukuk.com\/index.php\/wp-json\/wp\/v2\/tags?post=27619"}],"curies":[{"name":"wp","href":"https:\/\/api.w.org\/{rel}","templated":true}]}}