{"id":27616,"date":"2026-04-28T05:54:00","date_gmt":"2026-04-28T05:54:00","guid":{"rendered":"https:\/\/www.abchukuk.com\/index.php\/2026\/04\/28\/resmi-gazetede-yayimlandi-5-ildeki-tasinmazlarin-satisi-onaylandi\/"},"modified":"2026-04-28T05:54:00","modified_gmt":"2026-04-28T05:54:00","slug":"resmi-gazetede-yayimlandi-5-ildeki-tasinmazlarin-satisi-onaylandi","status":"publish","type":"post","link":"https:\/\/www.abchukuk.com\/index.php\/2026\/04\/28\/resmi-gazetede-yayimlandi-5-ildeki-tasinmazlarin-satisi-onaylandi\/","title":{"rendered":"Resmi Gazete&#8217;de yay\u0131mland\u0131: 5 ildeki ta\u015f\u0131nmazlar\u0131n sat\u0131\u015f\u0131 onayland\u0131"},"content":{"rendered":"<p>\u00d6zelle\u015ftirme \u0130daresi Ba\u015fkanl\u0131\u011f\u0131 (\u00d6\u0130B), Ankara, Adana, Nev\u015fehir, Mu\u015f ve \u015eanl\u0131urfa&#8217;daki \u00e7e\u015fitli ta\u015f\u0131nmazlar\u0131n sat\u0131\u015f\u0131n\u0131 onaylad\u0131. Resmi Gazete&#8217;de yay\u0131mlanan kararlara g\u00f6re, farkl\u0131 illerdeki m\u00fclkiyetler ihalelerde en y\u00fcksek teklifi veren ki\u015fi ve \u015firketlere devredilecek.\u00d6zelle\u015ftirme \u0130daresi Ba\u015fkanl\u0131\u011f\u0131 (\u00d6\u0130B), Ankara, Adana, Nev\u015fehir, Mu\u015f ve \u015eanl\u0131urfa&#8217;daki \u00e7e\u015fitli ta\u015f\u0131nmazlar\u0131n sat\u0131\u015f\u0131n\u0131 onaylad\u0131. Resmi Gazete&#8217;de yay\u0131mlanan kararlara g\u00f6re, farkl\u0131 illerdeki m\u00fclkiyetler ihalelerde en y\u00fcksek teklifi veren ki\u015fi ve \u015firketlere devredilecek.\u00a0<a href=\"https:\/\/www.dunya.com\/gundem\/resmi-gazetede-yayimlandi-5-ildeki-tasinmazlarin-satisi-onaylandi-haberi-823148\" target=\"_blank\" class=\"feedzy-rss-link-icon\">Read More<\/a><\/p>","protected":false},"excerpt":{"rendered":"<p>\u00d6zelle\u015ftirme \u0130daresi Ba\u015fkanl\u0131\u011f\u0131 (\u00d6\u0130B), Ankara, Adana, Nev\u015fehir, Mu\u015f ve \u015eanl\u0131urfa&#8217;daki \u00e7e\u015fitli ta\u015f\u0131nmazlar\u0131n sat\u0131\u015f\u0131n\u0131 onaylad\u0131. Resmi Gazete&#8217;de yay\u0131mlanan kararlara g\u00f6re, farkl\u0131 illerdeki m\u00fclkiyetler ihalelerde en y\u00fcksek teklifi veren ki\u015fi ve \u015firketlere devredilecek.\u00d6zelle\u015ftirme \u0130daresi Ba\u015fkanl\u0131\u011f\u0131 (\u00d6\u0130B), Ankara, Adana, Nev\u015fehir, Mu\u015f ve \u015eanl\u0131urfa&#8217;daki \u00e7e\u015fitli ta\u015f\u0131nmazlar\u0131n sat\u0131\u015f\u0131n\u0131 onaylad\u0131. Resmi Gazete&#8217;de yay\u0131mlanan kararlara g\u00f6re, farkl\u0131 illerdeki m\u00fclkiyetler ihalelerde en y\u00fcksek [&hellip;]<\/p>\n","protected":false},"author":1,"featured_media":27617,"comment_status":"open","ping_status":"open","sticky":false,"template":"","format":"standard","meta":{"footnotes":"","_links_to":"","_links_to_target":""},"categories":[1],"tags":[],"class_list":["post-27616","post","type-post","status-publish","format-standard","has-post-thumbnail","hentry","category-haberler"],"_links":{"self":[{"href":"https:\/\/www.abchukuk.com\/index.php\/wp-json\/wp\/v2\/posts\/27616","targetHints":{"allow":["GET"]}}],"collection":[{"href":"https:\/\/www.abchukuk.com\/index.php\/wp-json\/wp\/v2\/posts"}],"about":[{"href":"https:\/\/www.abchukuk.com\/index.php\/wp-json\/wp\/v2\/types\/post"}],"author":[{"embeddable":true,"href":"https:\/\/www.abchukuk.com\/index.php\/wp-json\/wp\/v2\/users\/1"}],"replies":[{"embeddable":true,"href":"https:\/\/www.abchukuk.com\/index.php\/wp-json\/wp\/v2\/comments?post=27616"}],"version-history":[{"count":0,"href":"https:\/\/www.abchukuk.com\/index.php\/wp-json\/wp\/v2\/posts\/27616\/revisions"}],"wp:featuredmedia":[{"embeddable":true,"href":"https:\/\/www.abchukuk.com\/index.php\/wp-json\/wp\/v2\/media\/27617"}],"wp:attachment":[{"href":"https:\/\/www.abchukuk.com\/index.php\/wp-json\/wp\/v2\/media?parent=27616"}],"wp:term":[{"taxonomy":"category","embeddable":true,"href":"https:\/\/www.abchukuk.com\/index.php\/wp-json\/wp\/v2\/categories?post=27616"},{"taxonomy":"post_tag","embeddable":true,"href":"https:\/\/www.abchukuk.com\/index.php\/wp-json\/wp\/v2\/tags?post=27616"}],"curies":[{"name":"wp","href":"https:\/\/api.w.org\/{rel}","templated":true}]}}