{"id":27612,"date":"2026-04-28T06:22:41","date_gmt":"2026-04-28T06:22:41","guid":{"rendered":"https:\/\/www.abchukuk.com\/index.php\/2026\/04\/28\/q-banka-operasyon-4-yonetici-gozaltinda\/"},"modified":"2026-04-28T06:22:41","modified_gmt":"2026-04-28T06:22:41","slug":"q-banka-operasyon-4-yonetici-gozaltinda","status":"publish","type":"post","link":"https:\/\/www.abchukuk.com\/index.php\/2026\/04\/28\/q-banka-operasyon-4-yonetici-gozaltinda\/","title":{"rendered":"Q Bank\u2019a Operasyon! 4 Y\u00f6netici G\u00f6zalt\u0131nda"},"content":{"rendered":"<p><a href=\"https:\/\/www.gercekgundem.com\/guncel\/q-banka-operasyon-4-yonetici-gozaltinda-570504\"><br \/>\n                                                            <img decoding=\"async\" src=\"https:\/\/i.gercekgundem.com\/2\/150\/84\/storage\/files\/images\/2026\/04\/28\/q-banka-operasyon-4-yonetici-gozaltinda-el9n.jpg\" width=\"150\" height=\"84\" border=\"0\" align=\"right\" \/><br \/>\n                                                    <\/a><\/p>\n<h4>\u0130stanbul\u2019da Q bank\u2019a y\u00f6nelik operasyon d\u00fczenlendi. Operasyon kapsam\u0131nda bankac\u0131l\u0131k mevzuat\u0131na ayk\u0131r\u0131 tefecilik yapt\u0131\u011f\u0131 belirlenen 4 y\u00f6netici g\u00f6zalt\u0131na al\u0131nd\u0131.<\/h4>\n<p>\u0130stanbul\u2019da Q bank\u2019a y\u00f6nelik operasyon d\u00fczenlendi. Operasyon kapsam\u0131nda bankac\u0131l\u0131k mevzuat\u0131na ayk\u0131r\u0131 tefecilik yapt\u0131\u011f\u0131 belirlenen 4 y\u00f6netici g\u00f6zalt\u0131na al\u0131nd\u0131.\u00a0<a href=\"https:\/\/www.gercekgundem.com\/guncel\/q-banka-operasyon-4-yonetici-gozaltinda-570504\" target=\"_blank\" class=\"feedzy-rss-link-icon\">Read More<\/a><\/p>","protected":false},"excerpt":{"rendered":"<p>\u0130stanbul\u2019da Q bank\u2019a y\u00f6nelik operasyon d\u00fczenlendi. Operasyon kapsam\u0131nda bankac\u0131l\u0131k mevzuat\u0131na ayk\u0131r\u0131 tefecilik yapt\u0131\u011f\u0131 belirlenen 4 y\u00f6netici g\u00f6zalt\u0131na al\u0131nd\u0131. \u0130stanbul\u2019da Q bank\u2019a y\u00f6nelik operasyon d\u00fczenlendi. Operasyon kapsam\u0131nda bankac\u0131l\u0131k mevzuat\u0131na ayk\u0131r\u0131 tefecilik yapt\u0131\u011f\u0131 belirlenen 4 y\u00f6netici g\u00f6zalt\u0131na al\u0131nd\u0131.\u00a0Read More<\/p>\n","protected":false},"author":1,"featured_media":27613,"comment_status":"open","ping_status":"open","sticky":false,"template":"","format":"standard","meta":{"footnotes":"","_links_to":"","_links_to_target":""},"categories":[1],"tags":[],"class_list":["post-27612","post","type-post","status-publish","format-standard","has-post-thumbnail","hentry","category-haberler"],"_links":{"self":[{"href":"https:\/\/www.abchukuk.com\/index.php\/wp-json\/wp\/v2\/posts\/27612","targetHints":{"allow":["GET"]}}],"collection":[{"href":"https:\/\/www.abchukuk.com\/index.php\/wp-json\/wp\/v2\/posts"}],"about":[{"href":"https:\/\/www.abchukuk.com\/index.php\/wp-json\/wp\/v2\/types\/post"}],"author":[{"embeddable":true,"href":"https:\/\/www.abchukuk.com\/index.php\/wp-json\/wp\/v2\/users\/1"}],"replies":[{"embeddable":true,"href":"https:\/\/www.abchukuk.com\/index.php\/wp-json\/wp\/v2\/comments?post=27612"}],"version-history":[{"count":0,"href":"https:\/\/www.abchukuk.com\/index.php\/wp-json\/wp\/v2\/posts\/27612\/revisions"}],"wp:featuredmedia":[{"embeddable":true,"href":"https:\/\/www.abchukuk.com\/index.php\/wp-json\/wp\/v2\/media\/27613"}],"wp:attachment":[{"href":"https:\/\/www.abchukuk.com\/index.php\/wp-json\/wp\/v2\/media?parent=27612"}],"wp:term":[{"taxonomy":"category","embeddable":true,"href":"https:\/\/www.abchukuk.com\/index.php\/wp-json\/wp\/v2\/categories?post=27612"},{"taxonomy":"post_tag","embeddable":true,"href":"https:\/\/www.abchukuk.com\/index.php\/wp-json\/wp\/v2\/tags?post=27612"}],"curies":[{"name":"wp","href":"https:\/\/api.w.org\/{rel}","templated":true}]}}