{"id":27610,"date":"2026-04-28T06:47:00","date_gmt":"2026-04-28T06:47:00","guid":{"rendered":"https:\/\/www.abchukuk.com\/index.php\/2026\/04\/28\/istanbulda-merkezli-suc-orgutune-operasyon-13-gozalti\/"},"modified":"2026-04-28T06:47:00","modified_gmt":"2026-04-28T06:47:00","slug":"istanbulda-merkezli-suc-orgutune-operasyon-13-gozalti","status":"publish","type":"post","link":"https:\/\/www.abchukuk.com\/index.php\/2026\/04\/28\/istanbulda-merkezli-suc-orgutune-operasyon-13-gozalti\/","title":{"rendered":"\u0130stanbul&#8217;da merkezli su\u00e7 \u00f6rg\u00fct\u00fcne operasyon: 13 g\u00f6zalt\u0131"},"content":{"rendered":"<p>\u0130stanbul&#8217;da 5 ayr\u0131 silahl\u0131 sald\u0131r\u0131y\u0131 ger\u00e7ekle\u015ftirdi\u011fi belirlenen 13 \u015f\u00fcpheli, \u0130stanbul ve Tekirda\u011f&#8217;da d\u00fczenlenen operasyonlarla g\u00f6zalt\u0131na al\u0131nd\u0131. \u00d6rg\u00fct liderinin hakk\u0131nda k\u0131rm\u0131z\u0131 b\u00fclten bulundu\u011fu ve yurt d\u0131\u015f\u0131nda oldu\u011fu \u00f6\u011frenildi.\u0130stanbul&#8217;da 5 ayr\u0131 silahl\u0131 sald\u0131r\u0131y\u0131 ger\u00e7ekle\u015ftirdi\u011fi belirlenen 13 \u015f\u00fcpheli, \u0130stanbul ve Tekirda\u011f&#8217;da d\u00fczenlenen operasyonlarla g\u00f6zalt\u0131na al\u0131nd\u0131. \u00d6rg\u00fct liderinin hakk\u0131nda k\u0131rm\u0131z\u0131 b\u00fclten bulundu\u011fu ve yurt d\u0131\u015f\u0131nda oldu\u011fu \u00f6\u011frenildi.\u00a0<a href=\"https:\/\/www.cumhuriyet.com.tr\/turkiye\/istanbul-da-merkezli-suc-orgutune-operasyon-13-gozalti-2499108\" target=\"_blank\" class=\"feedzy-rss-link-icon\">Read More<\/a><\/p>","protected":false},"excerpt":{"rendered":"<p>\u0130stanbul&#8217;da 5 ayr\u0131 silahl\u0131 sald\u0131r\u0131y\u0131 ger\u00e7ekle\u015ftirdi\u011fi belirlenen 13 \u015f\u00fcpheli, \u0130stanbul ve Tekirda\u011f&#8217;da d\u00fczenlenen operasyonlarla g\u00f6zalt\u0131na al\u0131nd\u0131. \u00d6rg\u00fct liderinin hakk\u0131nda k\u0131rm\u0131z\u0131 b\u00fclten bulundu\u011fu ve yurt d\u0131\u015f\u0131nda oldu\u011fu \u00f6\u011frenildi.\u0130stanbul&#8217;da 5 ayr\u0131 silahl\u0131 sald\u0131r\u0131y\u0131 ger\u00e7ekle\u015ftirdi\u011fi belirlenen 13 \u015f\u00fcpheli, \u0130stanbul ve Tekirda\u011f&#8217;da d\u00fczenlenen operasyonlarla g\u00f6zalt\u0131na al\u0131nd\u0131. \u00d6rg\u00fct liderinin hakk\u0131nda k\u0131rm\u0131z\u0131 b\u00fclten bulundu\u011fu ve yurt d\u0131\u015f\u0131nda oldu\u011fu \u00f6\u011frenildi.\u00a0Read More<\/p>\n","protected":false},"author":1,"featured_media":27611,"comment_status":"open","ping_status":"open","sticky":false,"template":"","format":"standard","meta":{"footnotes":"","_links_to":"","_links_to_target":""},"categories":[1],"tags":[],"class_list":["post-27610","post","type-post","status-publish","format-standard","has-post-thumbnail","hentry","category-haberler"],"_links":{"self":[{"href":"https:\/\/www.abchukuk.com\/index.php\/wp-json\/wp\/v2\/posts\/27610","targetHints":{"allow":["GET"]}}],"collection":[{"href":"https:\/\/www.abchukuk.com\/index.php\/wp-json\/wp\/v2\/posts"}],"about":[{"href":"https:\/\/www.abchukuk.com\/index.php\/wp-json\/wp\/v2\/types\/post"}],"author":[{"embeddable":true,"href":"https:\/\/www.abchukuk.com\/index.php\/wp-json\/wp\/v2\/users\/1"}],"replies":[{"embeddable":true,"href":"https:\/\/www.abchukuk.com\/index.php\/wp-json\/wp\/v2\/comments?post=27610"}],"version-history":[{"count":0,"href":"https:\/\/www.abchukuk.com\/index.php\/wp-json\/wp\/v2\/posts\/27610\/revisions"}],"wp:featuredmedia":[{"embeddable":true,"href":"https:\/\/www.abchukuk.com\/index.php\/wp-json\/wp\/v2\/media\/27611"}],"wp:attachment":[{"href":"https:\/\/www.abchukuk.com\/index.php\/wp-json\/wp\/v2\/media?parent=27610"}],"wp:term":[{"taxonomy":"category","embeddable":true,"href":"https:\/\/www.abchukuk.com\/index.php\/wp-json\/wp\/v2\/categories?post=27610"},{"taxonomy":"post_tag","embeddable":true,"href":"https:\/\/www.abchukuk.com\/index.php\/wp-json\/wp\/v2\/tags?post=27610"}],"curies":[{"name":"wp","href":"https:\/\/api.w.org\/{rel}","templated":true}]}}