{"id":27599,"date":"2026-04-27T21:12:00","date_gmt":"2026-04-27T21:12:00","guid":{"rendered":"https:\/\/www.abchukuk.com\/index.php\/2026\/04\/27\/tutuklu-sendikaci-mehmet-turkmenin-serbest-birakilmasi-icin-bin-imza-toplandi\/"},"modified":"2026-04-27T21:12:00","modified_gmt":"2026-04-27T21:12:00","slug":"tutuklu-sendikaci-mehmet-turkmenin-serbest-birakilmasi-icin-bin-imza-toplandi","status":"publish","type":"post","link":"https:\/\/www.abchukuk.com\/index.php\/2026\/04\/27\/tutuklu-sendikaci-mehmet-turkmenin-serbest-birakilmasi-icin-bin-imza-toplandi\/","title":{"rendered":"Tutuklu sendikac\u0131 Mehmet T\u00fcrkmen\u2019in serbest b\u0131rak\u0131lmas\u0131 i\u00e7in bin imza topland\u0131"},"content":{"rendered":"<p>B\u0130RTEK-SEN Genel Ba\u015fkan\u0131 Mehmet T\u00fcrkmen\u2019in tutuklanmas\u0131na kar\u015f\u0131 ba\u015flat\u0131lan imza kampanyas\u0131nda farkl\u0131 i\u015f kollar\u0131ndan sendikac\u0131larla 1.000\u2019in \u00fczerinde imza topland\u0131. \u00c7ok say\u0131da sendika, T\u00fcrkmen\u2019in serbest b\u0131rak\u0131lmas\u0131 \u00e7a\u011fr\u0131s\u0131na destek verdi.B\u0130RTEK-SEN Genel Ba\u015fkan\u0131 Mehmet T\u00fcrkmen\u2019in tutuklanmas\u0131na kar\u015f\u0131 ba\u015flat\u0131lan imza kampanyas\u0131nda farkl\u0131 i\u015f kollar\u0131ndan sendikac\u0131larla 1.000\u2019in \u00fczerinde imza topland\u0131. \u00c7ok say\u0131da sendika, T\u00fcrkmen\u2019in serbest b\u0131rak\u0131lmas\u0131 \u00e7a\u011fr\u0131s\u0131na destek verdi.\u00a0<a href=\"https:\/\/www.cumhuriyet.com.tr\/siyaset\/tutuklu-sendikaci-mehmet-turkmen-in-serbest-birakilmasi-icin-bin-imza-toplandi-2499080\" target=\"_blank\" class=\"feedzy-rss-link-icon\">Read More<\/a><\/p>","protected":false},"excerpt":{"rendered":"<p>B\u0130RTEK-SEN Genel Ba\u015fkan\u0131 Mehmet T\u00fcrkmen\u2019in tutuklanmas\u0131na kar\u015f\u0131 ba\u015flat\u0131lan imza kampanyas\u0131nda farkl\u0131 i\u015f kollar\u0131ndan sendikac\u0131larla 1.000\u2019in \u00fczerinde imza topland\u0131. \u00c7ok say\u0131da sendika, T\u00fcrkmen\u2019in serbest b\u0131rak\u0131lmas\u0131 \u00e7a\u011fr\u0131s\u0131na destek verdi.B\u0130RTEK-SEN Genel Ba\u015fkan\u0131 Mehmet T\u00fcrkmen\u2019in tutuklanmas\u0131na kar\u015f\u0131 ba\u015flat\u0131lan imza kampanyas\u0131nda farkl\u0131 i\u015f kollar\u0131ndan sendikac\u0131larla 1.000\u2019in \u00fczerinde imza topland\u0131. \u00c7ok say\u0131da sendika, T\u00fcrkmen\u2019in serbest b\u0131rak\u0131lmas\u0131 \u00e7a\u011fr\u0131s\u0131na destek verdi.\u00a0Read More<\/p>\n","protected":false},"author":1,"featured_media":27600,"comment_status":"open","ping_status":"open","sticky":false,"template":"","format":"standard","meta":{"footnotes":"","_links_to":"","_links_to_target":""},"categories":[1],"tags":[],"class_list":["post-27599","post","type-post","status-publish","format-standard","has-post-thumbnail","hentry","category-haberler"],"_links":{"self":[{"href":"https:\/\/www.abchukuk.com\/index.php\/wp-json\/wp\/v2\/posts\/27599","targetHints":{"allow":["GET"]}}],"collection":[{"href":"https:\/\/www.abchukuk.com\/index.php\/wp-json\/wp\/v2\/posts"}],"about":[{"href":"https:\/\/www.abchukuk.com\/index.php\/wp-json\/wp\/v2\/types\/post"}],"author":[{"embeddable":true,"href":"https:\/\/www.abchukuk.com\/index.php\/wp-json\/wp\/v2\/users\/1"}],"replies":[{"embeddable":true,"href":"https:\/\/www.abchukuk.com\/index.php\/wp-json\/wp\/v2\/comments?post=27599"}],"version-history":[{"count":0,"href":"https:\/\/www.abchukuk.com\/index.php\/wp-json\/wp\/v2\/posts\/27599\/revisions"}],"wp:featuredmedia":[{"embeddable":true,"href":"https:\/\/www.abchukuk.com\/index.php\/wp-json\/wp\/v2\/media\/27600"}],"wp:attachment":[{"href":"https:\/\/www.abchukuk.com\/index.php\/wp-json\/wp\/v2\/media?parent=27599"}],"wp:term":[{"taxonomy":"category","embeddable":true,"href":"https:\/\/www.abchukuk.com\/index.php\/wp-json\/wp\/v2\/categories?post=27599"},{"taxonomy":"post_tag","embeddable":true,"href":"https:\/\/www.abchukuk.com\/index.php\/wp-json\/wp\/v2\/tags?post=27599"}],"curies":[{"name":"wp","href":"https:\/\/api.w.org\/{rel}","templated":true}]}}