{"id":27597,"date":"2026-04-27T19:28:00","date_gmt":"2026-04-27T19:28:00","guid":{"rendered":"https:\/\/www.abchukuk.com\/index.php\/2026\/04\/27\/ali-kayanin-iddianamesinde-yetki-krizi-uyusmazlik-yargitaya-tasindi\/"},"modified":"2026-04-27T19:28:00","modified_gmt":"2026-04-27T19:28:00","slug":"ali-kayanin-iddianamesinde-yetki-krizi-uyusmazlik-yargitaya-tasindi","status":"publish","type":"post","link":"https:\/\/www.abchukuk.com\/index.php\/2026\/04\/27\/ali-kayanin-iddianamesinde-yetki-krizi-uyusmazlik-yargitaya-tasindi\/","title":{"rendered":"Ali Kaya&#8217;n\u0131n iddianamesinde yetki krizi: Uyu\u015fmazl\u0131k Yarg\u0131tay\u2019a ta\u015f\u0131nd\u0131"},"content":{"rendered":"<p>\u0130ddianamenin haz\u0131rlanmas\u0131n\u0131n ard\u0131ndan Dilek Kaya \u0130mamo\u011flu\u2019nun karde\u015fi tutuklu Ali Kaya\u2019n\u0131n dosyas\u0131 \u0130stanbul\u2019dan Bodrum\u2019a g\u00f6nderildi. Bodrum mahkemesi ise yetkisizlik karar\u0131 vererek dosyay\u0131 yeniden \u0130stanbul\u2019a yollad\u0131. Uyu\u015fmazl\u0131k Yarg\u0131tay\u2019a ta\u015f\u0131nd\u0131.\u0130ddianamenin haz\u0131rlanmas\u0131n\u0131n ard\u0131ndan Dilek Kaya \u0130mamo\u011flu\u2019nun karde\u015fi tutuklu Ali Kaya\u2019n\u0131n dosyas\u0131 \u0130stanbul\u2019dan Bodrum\u2019a g\u00f6nderildi. Bodrum mahkemesi ise yetkisizlik karar\u0131 vererek dosyay\u0131 yeniden \u0130stanbul\u2019a yollad\u0131. Uyu\u015fmazl\u0131k Yarg\u0131tay\u2019a ta\u015f\u0131nd\u0131.\u00a0<a href=\"https:\/\/www.cumhuriyet.com.tr\/siyaset\/ali-kaya-nin-iddianamesinde-yetki-krizi-uyusmazlik-yargitay-a-tasindi-2499049\" target=\"_blank\" class=\"feedzy-rss-link-icon\">Read More<\/a><\/p>","protected":false},"excerpt":{"rendered":"<p>\u0130ddianamenin haz\u0131rlanmas\u0131n\u0131n ard\u0131ndan Dilek Kaya \u0130mamo\u011flu\u2019nun karde\u015fi tutuklu Ali Kaya\u2019n\u0131n dosyas\u0131 \u0130stanbul\u2019dan Bodrum\u2019a g\u00f6nderildi. Bodrum mahkemesi ise yetkisizlik karar\u0131 vererek dosyay\u0131 yeniden \u0130stanbul\u2019a yollad\u0131. Uyu\u015fmazl\u0131k Yarg\u0131tay\u2019a ta\u015f\u0131nd\u0131.\u0130ddianamenin haz\u0131rlanmas\u0131n\u0131n ard\u0131ndan Dilek Kaya \u0130mamo\u011flu\u2019nun karde\u015fi tutuklu Ali Kaya\u2019n\u0131n dosyas\u0131 \u0130stanbul\u2019dan Bodrum\u2019a g\u00f6nderildi. Bodrum mahkemesi ise yetkisizlik karar\u0131 vererek dosyay\u0131 yeniden \u0130stanbul\u2019a yollad\u0131. Uyu\u015fmazl\u0131k Yarg\u0131tay\u2019a ta\u015f\u0131nd\u0131.\u00a0Read More<\/p>\n","protected":false},"author":1,"featured_media":27598,"comment_status":"open","ping_status":"open","sticky":false,"template":"","format":"standard","meta":{"footnotes":"","_links_to":"","_links_to_target":""},"categories":[1],"tags":[],"class_list":["post-27597","post","type-post","status-publish","format-standard","has-post-thumbnail","hentry","category-haberler"],"_links":{"self":[{"href":"https:\/\/www.abchukuk.com\/index.php\/wp-json\/wp\/v2\/posts\/27597","targetHints":{"allow":["GET"]}}],"collection":[{"href":"https:\/\/www.abchukuk.com\/index.php\/wp-json\/wp\/v2\/posts"}],"about":[{"href":"https:\/\/www.abchukuk.com\/index.php\/wp-json\/wp\/v2\/types\/post"}],"author":[{"embeddable":true,"href":"https:\/\/www.abchukuk.com\/index.php\/wp-json\/wp\/v2\/users\/1"}],"replies":[{"embeddable":true,"href":"https:\/\/www.abchukuk.com\/index.php\/wp-json\/wp\/v2\/comments?post=27597"}],"version-history":[{"count":0,"href":"https:\/\/www.abchukuk.com\/index.php\/wp-json\/wp\/v2\/posts\/27597\/revisions"}],"wp:featuredmedia":[{"embeddable":true,"href":"https:\/\/www.abchukuk.com\/index.php\/wp-json\/wp\/v2\/media\/27598"}],"wp:attachment":[{"href":"https:\/\/www.abchukuk.com\/index.php\/wp-json\/wp\/v2\/media?parent=27597"}],"wp:term":[{"taxonomy":"category","embeddable":true,"href":"https:\/\/www.abchukuk.com\/index.php\/wp-json\/wp\/v2\/categories?post=27597"},{"taxonomy":"post_tag","embeddable":true,"href":"https:\/\/www.abchukuk.com\/index.php\/wp-json\/wp\/v2\/tags?post=27597"}],"curies":[{"name":"wp","href":"https:\/\/api.w.org\/{rel}","templated":true}]}}