{"id":27595,"date":"2026-04-27T20:07:00","date_gmt":"2026-04-27T20:07:00","guid":{"rendered":"https:\/\/www.abchukuk.com\/index.php\/2026\/04\/27\/erdoganin-eski-hukuk-danismanina-dava-acildi-iki-yila-kadar-hapsi-isteniyor\/"},"modified":"2026-04-27T20:07:00","modified_gmt":"2026-04-27T20:07:00","slug":"erdoganin-eski-hukuk-danismanina-dava-acildi-iki-yila-kadar-hapsi-isteniyor","status":"publish","type":"post","link":"https:\/\/www.abchukuk.com\/index.php\/2026\/04\/27\/erdoganin-eski-hukuk-danismanina-dava-acildi-iki-yila-kadar-hapsi-isteniyor\/","title":{"rendered":"Erdo\u011fan\u2019\u0131n eski hukuk dan\u0131\u015fman\u0131na dava a\u00e7\u0131ld\u0131: \u0130ki y\u0131la kadar hapsi isteniyor"},"content":{"rendered":"<p>TCK\u2019yi haz\u0131rlayan iki isimden biri ve AKP\u2019li Cumhurba\u015fkan\u0131 Erdo\u011fan\u2019\u0131n eski hukuk dan\u0131\u015fman\u0131 olan Prof. Dr. \u0130zzet \u00d6zgen\u00e7\u2019e, eski Yarg\u0131tay Ba\u015fkan\u0131 Mehmet Akarca\u2019ya hakaretten dava a\u00e7\u0131ld\u0131. \u0130zzet \u00d6zgen\u00e7\u2019in, 2 y\u0131la kadar hapsi talep edildi.TCK\u2019yi haz\u0131rlayan iki isimden biri ve AKP\u2019li Cumhurba\u015fkan\u0131 Erdo\u011fan\u2019\u0131n eski hukuk dan\u0131\u015fman\u0131 olan Prof. Dr. \u0130zzet \u00d6zgen\u00e7\u2019e, eski Yarg\u0131tay Ba\u015fkan\u0131 Mehmet Akarca\u2019ya hakaretten dava a\u00e7\u0131ld\u0131. \u0130zzet \u00d6zgen\u00e7\u2019in, 2 y\u0131la kadar hapsi talep edildi.\u00a0<a href=\"https:\/\/www.cumhuriyet.com.tr\/siyaset\/erdogan-in-eski-hukuk-danismanina-dava-acildi-iki-yila-kadar-hapsi-isteniyor-2499060\" target=\"_blank\" class=\"feedzy-rss-link-icon\">Read More<\/a><\/p>","protected":false},"excerpt":{"rendered":"<p>TCK\u2019yi haz\u0131rlayan iki isimden biri ve AKP\u2019li Cumhurba\u015fkan\u0131 Erdo\u011fan\u2019\u0131n eski hukuk dan\u0131\u015fman\u0131 olan Prof. Dr. \u0130zzet \u00d6zgen\u00e7\u2019e, eski Yarg\u0131tay Ba\u015fkan\u0131 Mehmet Akarca\u2019ya hakaretten dava a\u00e7\u0131ld\u0131. \u0130zzet \u00d6zgen\u00e7\u2019in, 2 y\u0131la kadar hapsi talep edildi.TCK\u2019yi haz\u0131rlayan iki isimden biri ve AKP\u2019li Cumhurba\u015fkan\u0131 Erdo\u011fan\u2019\u0131n eski hukuk dan\u0131\u015fman\u0131 olan Prof. Dr. \u0130zzet \u00d6zgen\u00e7\u2019e, eski Yarg\u0131tay Ba\u015fkan\u0131 Mehmet Akarca\u2019ya hakaretten [&hellip;]<\/p>\n","protected":false},"author":1,"featured_media":27596,"comment_status":"open","ping_status":"open","sticky":false,"template":"","format":"standard","meta":{"footnotes":"","_links_to":"","_links_to_target":""},"categories":[1],"tags":[],"class_list":["post-27595","post","type-post","status-publish","format-standard","has-post-thumbnail","hentry","category-haberler"],"_links":{"self":[{"href":"https:\/\/www.abchukuk.com\/index.php\/wp-json\/wp\/v2\/posts\/27595","targetHints":{"allow":["GET"]}}],"collection":[{"href":"https:\/\/www.abchukuk.com\/index.php\/wp-json\/wp\/v2\/posts"}],"about":[{"href":"https:\/\/www.abchukuk.com\/index.php\/wp-json\/wp\/v2\/types\/post"}],"author":[{"embeddable":true,"href":"https:\/\/www.abchukuk.com\/index.php\/wp-json\/wp\/v2\/users\/1"}],"replies":[{"embeddable":true,"href":"https:\/\/www.abchukuk.com\/index.php\/wp-json\/wp\/v2\/comments?post=27595"}],"version-history":[{"count":0,"href":"https:\/\/www.abchukuk.com\/index.php\/wp-json\/wp\/v2\/posts\/27595\/revisions"}],"wp:featuredmedia":[{"embeddable":true,"href":"https:\/\/www.abchukuk.com\/index.php\/wp-json\/wp\/v2\/media\/27596"}],"wp:attachment":[{"href":"https:\/\/www.abchukuk.com\/index.php\/wp-json\/wp\/v2\/media?parent=27595"}],"wp:term":[{"taxonomy":"category","embeddable":true,"href":"https:\/\/www.abchukuk.com\/index.php\/wp-json\/wp\/v2\/categories?post=27595"},{"taxonomy":"post_tag","embeddable":true,"href":"https:\/\/www.abchukuk.com\/index.php\/wp-json\/wp\/v2\/tags?post=27595"}],"curies":[{"name":"wp","href":"https:\/\/api.w.org\/{rel}","templated":true}]}}