{"id":27591,"date":"2026-04-27T18:24:00","date_gmt":"2026-04-27T18:24:00","guid":{"rendered":"https:\/\/www.abchukuk.com\/index.php\/2026\/04\/27\/gulistan-doku-sorusturmasinda-yeni-gelisme-2-supheliye-adli-kontrol-karari\/"},"modified":"2026-04-27T18:24:00","modified_gmt":"2026-04-27T18:24:00","slug":"gulistan-doku-sorusturmasinda-yeni-gelisme-2-supheliye-adli-kontrol-karari","status":"publish","type":"post","link":"https:\/\/www.abchukuk.com\/index.php\/2026\/04\/27\/gulistan-doku-sorusturmasinda-yeni-gelisme-2-supheliye-adli-kontrol-karari\/","title":{"rendered":"G\u00fclistan Doku soru\u015fturmas\u0131nda yeni geli\u015fme: 2 \u015f\u00fcpheliye adli kontrol karar\u0131"},"content":{"rendered":"<p>G\u00fclistan Doku soru\u015fturmas\u0131nda g\u00f6zalt\u0131na al\u0131nan Tunceli Devlet Hastanesi bilgi i\u015flem g\u00f6revlileri Bur\u00e7in Yerlikaya ve Y\u00fccel Erdem, \u00e7\u0131kart\u0131ld\u0131klar\u0131 mahkemece adli kontrol \u015fart\u0131yla serbest b\u0131rak\u0131ld\u0131.G\u00fclistan Doku soru\u015fturmas\u0131nda g\u00f6zalt\u0131na al\u0131nan Tunceli Devlet Hastanesi bilgi i\u015flem g\u00f6revlileri Bur\u00e7in Yerlikaya ve Y\u00fccel Erdem, \u00e7\u0131kart\u0131ld\u0131klar\u0131 mahkemece adli kontrol \u015fart\u0131yla serbest b\u0131rak\u0131ld\u0131.\u00a0<a href=\"https:\/\/www.cumhuriyet.com.tr\/turkiye\/gulistan-doku-sorusturmasinda-yeni-gelisme-2-supheliye-adli-kontrol-karari-2499043\" target=\"_blank\" class=\"feedzy-rss-link-icon\">Read More<\/a><\/p>","protected":false},"excerpt":{"rendered":"<p>G\u00fclistan Doku soru\u015fturmas\u0131nda g\u00f6zalt\u0131na al\u0131nan Tunceli Devlet Hastanesi bilgi i\u015flem g\u00f6revlileri Bur\u00e7in Yerlikaya ve Y\u00fccel Erdem, \u00e7\u0131kart\u0131ld\u0131klar\u0131 mahkemece adli kontrol \u015fart\u0131yla serbest b\u0131rak\u0131ld\u0131.G\u00fclistan Doku soru\u015fturmas\u0131nda g\u00f6zalt\u0131na al\u0131nan Tunceli Devlet Hastanesi bilgi i\u015flem g\u00f6revlileri Bur\u00e7in Yerlikaya ve Y\u00fccel Erdem, \u00e7\u0131kart\u0131ld\u0131klar\u0131 mahkemece adli kontrol \u015fart\u0131yla serbest b\u0131rak\u0131ld\u0131.\u00a0Read More<\/p>\n","protected":false},"author":1,"featured_media":27592,"comment_status":"open","ping_status":"open","sticky":false,"template":"","format":"standard","meta":{"footnotes":"","_links_to":"","_links_to_target":""},"categories":[1],"tags":[],"class_list":["post-27591","post","type-post","status-publish","format-standard","has-post-thumbnail","hentry","category-haberler"],"_links":{"self":[{"href":"https:\/\/www.abchukuk.com\/index.php\/wp-json\/wp\/v2\/posts\/27591","targetHints":{"allow":["GET"]}}],"collection":[{"href":"https:\/\/www.abchukuk.com\/index.php\/wp-json\/wp\/v2\/posts"}],"about":[{"href":"https:\/\/www.abchukuk.com\/index.php\/wp-json\/wp\/v2\/types\/post"}],"author":[{"embeddable":true,"href":"https:\/\/www.abchukuk.com\/index.php\/wp-json\/wp\/v2\/users\/1"}],"replies":[{"embeddable":true,"href":"https:\/\/www.abchukuk.com\/index.php\/wp-json\/wp\/v2\/comments?post=27591"}],"version-history":[{"count":0,"href":"https:\/\/www.abchukuk.com\/index.php\/wp-json\/wp\/v2\/posts\/27591\/revisions"}],"wp:featuredmedia":[{"embeddable":true,"href":"https:\/\/www.abchukuk.com\/index.php\/wp-json\/wp\/v2\/media\/27592"}],"wp:attachment":[{"href":"https:\/\/www.abchukuk.com\/index.php\/wp-json\/wp\/v2\/media?parent=27591"}],"wp:term":[{"taxonomy":"category","embeddable":true,"href":"https:\/\/www.abchukuk.com\/index.php\/wp-json\/wp\/v2\/categories?post=27591"},{"taxonomy":"post_tag","embeddable":true,"href":"https:\/\/www.abchukuk.com\/index.php\/wp-json\/wp\/v2\/tags?post=27591"}],"curies":[{"name":"wp","href":"https:\/\/api.w.org\/{rel}","templated":true}]}}