{"id":27587,"date":"2026-04-27T16:52:07","date_gmt":"2026-04-27T16:52:07","guid":{"rendered":"https:\/\/www.abchukuk.com\/index.php\/2026\/04\/27\/rusvet-almak-sucundan-yargilanan-icra-mudur-yardimcisi-ile-icra-katibine-12-yila-kadar-hapis-istemi\/"},"modified":"2026-04-27T16:52:07","modified_gmt":"2026-04-27T16:52:07","slug":"rusvet-almak-sucundan-yargilanan-icra-mudur-yardimcisi-ile-icra-katibine-12-yila-kadar-hapis-istemi","status":"publish","type":"post","link":"https:\/\/www.abchukuk.com\/index.php\/2026\/04\/27\/rusvet-almak-sucundan-yargilanan-icra-mudur-yardimcisi-ile-icra-katibine-12-yila-kadar-hapis-istemi\/","title":{"rendered":"&#8216;R\u00fc\u015fvet almak&#8217; su\u00e7undan yarg\u0131lanan icra m\u00fcd\u00fcr yard\u0131mc\u0131s\u0131 ile icra katibine 12 y\u0131la kadar hapis istemi"},"content":{"rendered":"<p>\u0130zmir&#8217;de may\u0131s 2025 tarihinde icra m\u00fcd\u00fcr yard\u0131mc\u0131s\u0131 ile icra katibinin yapacaklar\u0131 i\u015f kar\u015f\u0131l\u0131\u011f\u0131nda 180 bin TL  istedikleri iddias\u0131 \u00fczerine ba\u015flat\u0131lan soru\u015fturmada s\u00f6z konusu icra memurlar\u0131n\u0131n 12 y\u0131la kadar hapsi istendi.\u0130zmir&#8217;de may\u0131s 2025 tarihinde icra m\u00fcd\u00fcr yard\u0131mc\u0131s\u0131 ile icra katibinin yapacaklar\u0131 i\u015f kar\u015f\u0131l\u0131\u011f\u0131nda 180 bin TL  istedikleri iddias\u0131 \u00fczerine ba\u015flat\u0131lan soru\u015fturmada s\u00f6z konusu icra memurlar\u0131n\u0131n 12 y\u0131la kadar hapsi istendi.\u00a0<a href=\"https:\/\/anlatilaninotesi.com.tr\/20260427\/rusvet-almak-sucundan-yargilanan-icra-mudur-yardimcisi-ile-icra-katibine-12-yila-kadar-hapis-istemi-1105318513.html\" target=\"_blank\" class=\"feedzy-rss-link-icon\">Read More<\/a><\/p>","protected":false},"excerpt":{"rendered":"<p>\u0130zmir&#8217;de may\u0131s 2025 tarihinde icra m\u00fcd\u00fcr yard\u0131mc\u0131s\u0131 ile icra katibinin yapacaklar\u0131 i\u015f kar\u015f\u0131l\u0131\u011f\u0131nda 180 bin TL istedikleri iddias\u0131 \u00fczerine ba\u015flat\u0131lan soru\u015fturmada s\u00f6z konusu icra memurlar\u0131n\u0131n 12 y\u0131la kadar hapsi istendi.\u0130zmir&#8217;de may\u0131s 2025 tarihinde icra m\u00fcd\u00fcr yard\u0131mc\u0131s\u0131 ile icra katibinin yapacaklar\u0131 i\u015f kar\u015f\u0131l\u0131\u011f\u0131nda 180 bin TL istedikleri iddias\u0131 \u00fczerine ba\u015flat\u0131lan soru\u015fturmada s\u00f6z konusu icra memurlar\u0131n\u0131n 12 [&hellip;]<\/p>\n","protected":false},"author":1,"featured_media":0,"comment_status":"open","ping_status":"open","sticky":false,"template":"","format":"standard","meta":{"footnotes":"","_links_to":"","_links_to_target":""},"categories":[1],"tags":[],"class_list":["post-27587","post","type-post","status-publish","format-standard","hentry","category-haberler"],"_links":{"self":[{"href":"https:\/\/www.abchukuk.com\/index.php\/wp-json\/wp\/v2\/posts\/27587","targetHints":{"allow":["GET"]}}],"collection":[{"href":"https:\/\/www.abchukuk.com\/index.php\/wp-json\/wp\/v2\/posts"}],"about":[{"href":"https:\/\/www.abchukuk.com\/index.php\/wp-json\/wp\/v2\/types\/post"}],"author":[{"embeddable":true,"href":"https:\/\/www.abchukuk.com\/index.php\/wp-json\/wp\/v2\/users\/1"}],"replies":[{"embeddable":true,"href":"https:\/\/www.abchukuk.com\/index.php\/wp-json\/wp\/v2\/comments?post=27587"}],"version-history":[{"count":0,"href":"https:\/\/www.abchukuk.com\/index.php\/wp-json\/wp\/v2\/posts\/27587\/revisions"}],"wp:attachment":[{"href":"https:\/\/www.abchukuk.com\/index.php\/wp-json\/wp\/v2\/media?parent=27587"}],"wp:term":[{"taxonomy":"category","embeddable":true,"href":"https:\/\/www.abchukuk.com\/index.php\/wp-json\/wp\/v2\/categories?post=27587"},{"taxonomy":"post_tag","embeddable":true,"href":"https:\/\/www.abchukuk.com\/index.php\/wp-json\/wp\/v2\/tags?post=27587"}],"curies":[{"name":"wp","href":"https:\/\/api.w.org\/{rel}","templated":true}]}}