{"id":27583,"date":"2026-04-27T14:28:00","date_gmt":"2026-04-27T14:28:00","guid":{"rendered":"https:\/\/www.abchukuk.com\/index.php\/2026\/04\/27\/aydinda-uyusturucu-imalathanesine-baskin-tutuklu-sayisi-6ya-cikti\/"},"modified":"2026-04-27T14:28:00","modified_gmt":"2026-04-27T14:28:00","slug":"aydinda-uyusturucu-imalathanesine-baskin-tutuklu-sayisi-6ya-cikti","status":"publish","type":"post","link":"https:\/\/www.abchukuk.com\/index.php\/2026\/04\/27\/aydinda-uyusturucu-imalathanesine-baskin-tutuklu-sayisi-6ya-cikti\/","title":{"rendered":"Ayd\u0131n&#8217;da uyu\u015fturucu imalathanesine bask\u0131n: Tutuklu say\u0131s\u0131 6&#8217;ya \u00e7\u0131kt\u0131"},"content":{"rendered":"<p>Ayd\u0131n&#8217;\u0131n Efeler il\u00e7esinde, uyu\u015fturucu hap imal edilen i\u015f yerine d\u00fczenlenen ikinci dalga operasyonda 3 ki\u015fi daha g\u00f6zalt\u0131na al\u0131nd\u0131. Polisteki i\u015flemlerinin ard\u0131ndan adliyeye sevk edilen 3 \u015f\u00fcpheli tutukland\u0131. B\u00f6ylelikle operasyon kapsam\u0131nda tutuklananlar\u0131n say\u0131s\u0131 6&#8217;ya \u00e7\u0131kt\u0131.Ayd\u0131n&#8217;\u0131n Efeler il\u00e7esinde, uyu\u015fturucu hap imal edilen i\u015f yerine d\u00fczenlenen ikinci dalga operasyonda 3 ki\u015fi daha g\u00f6zalt\u0131na al\u0131nd\u0131. Polisteki i\u015flemlerinin ard\u0131ndan adliyeye sevk edilen 3 \u015f\u00fcpheli tutukland\u0131. B\u00f6ylelikle operasyon kapsam\u0131nda tutuklananlar\u0131n say\u0131s\u0131 6&#8217;ya \u00e7\u0131kt\u0131.\u00a0<a href=\"https:\/\/www.cumhuriyet.com.tr\/turkiye\/aydin-da-uyusturucu-imalathanesine-baskin-tutuklu-sayisi-6-ya-cikti-2498984\" target=\"_blank\" class=\"feedzy-rss-link-icon\">Read More<\/a><\/p>","protected":false},"excerpt":{"rendered":"<p>Ayd\u0131n&#8217;\u0131n Efeler il\u00e7esinde, uyu\u015fturucu hap imal edilen i\u015f yerine d\u00fczenlenen ikinci dalga operasyonda 3 ki\u015fi daha g\u00f6zalt\u0131na al\u0131nd\u0131. Polisteki i\u015flemlerinin ard\u0131ndan adliyeye sevk edilen 3 \u015f\u00fcpheli tutukland\u0131. B\u00f6ylelikle operasyon kapsam\u0131nda tutuklananlar\u0131n say\u0131s\u0131 6&#8217;ya \u00e7\u0131kt\u0131.Ayd\u0131n&#8217;\u0131n Efeler il\u00e7esinde, uyu\u015fturucu hap imal edilen i\u015f yerine d\u00fczenlenen ikinci dalga operasyonda 3 ki\u015fi daha g\u00f6zalt\u0131na al\u0131nd\u0131. Polisteki i\u015flemlerinin ard\u0131ndan adliyeye [&hellip;]<\/p>\n","protected":false},"author":1,"featured_media":27584,"comment_status":"open","ping_status":"open","sticky":false,"template":"","format":"standard","meta":{"footnotes":"","_links_to":"","_links_to_target":""},"categories":[1],"tags":[],"class_list":["post-27583","post","type-post","status-publish","format-standard","has-post-thumbnail","hentry","category-haberler"],"_links":{"self":[{"href":"https:\/\/www.abchukuk.com\/index.php\/wp-json\/wp\/v2\/posts\/27583","targetHints":{"allow":["GET"]}}],"collection":[{"href":"https:\/\/www.abchukuk.com\/index.php\/wp-json\/wp\/v2\/posts"}],"about":[{"href":"https:\/\/www.abchukuk.com\/index.php\/wp-json\/wp\/v2\/types\/post"}],"author":[{"embeddable":true,"href":"https:\/\/www.abchukuk.com\/index.php\/wp-json\/wp\/v2\/users\/1"}],"replies":[{"embeddable":true,"href":"https:\/\/www.abchukuk.com\/index.php\/wp-json\/wp\/v2\/comments?post=27583"}],"version-history":[{"count":0,"href":"https:\/\/www.abchukuk.com\/index.php\/wp-json\/wp\/v2\/posts\/27583\/revisions"}],"wp:featuredmedia":[{"embeddable":true,"href":"https:\/\/www.abchukuk.com\/index.php\/wp-json\/wp\/v2\/media\/27584"}],"wp:attachment":[{"href":"https:\/\/www.abchukuk.com\/index.php\/wp-json\/wp\/v2\/media?parent=27583"}],"wp:term":[{"taxonomy":"category","embeddable":true,"href":"https:\/\/www.abchukuk.com\/index.php\/wp-json\/wp\/v2\/categories?post=27583"},{"taxonomy":"post_tag","embeddable":true,"href":"https:\/\/www.abchukuk.com\/index.php\/wp-json\/wp\/v2\/tags?post=27583"}],"curies":[{"name":"wp","href":"https:\/\/api.w.org\/{rel}","templated":true}]}}